{"id":11133,"date":"2022-12-29T07:40:16","date_gmt":"2022-12-29T07:40:16","guid":{"rendered":"https:\/\/pedrerademeia.geoparcorigens.cat\/?post_type=history&#038;p=11133"},"modified":"2025-01-20T09:17:01","modified_gmt":"2025-01-20T09:17:01","slug":"les-expedicions-de-lluis-maria-vidal-al-montsec","status":"publish","type":"history","link":"https:\/\/pedrerademeia.geoparcorigens.cat\/ca\/historia\/les-expedicions-de-lluis-maria-vidal-al-montsec\/","title":{"rendered":"Les expedicions de Llu\u00eds Mari\u00e0 Vidal al Montsec"},"content":{"rendered":"<div class=\"wrapper-classic-paragraph\">\n<h2><a id=\"primers_contaces_de_vidal_amb_el_montsec\"><\/a>Els primers contactes de Vidal amb el Montsec<\/h2>\n<p>Llu\u00eds Mari\u00e0 i Vidal (1842-1921) va ser un enginyer de mines, un excel\u00b7lent investigador de camp i un pioner de la paleontologia. L\u2019any 1872, despr\u00e9s de prospectar la conca amb lignits de l\u2019Alt Bergued\u00e0, va continuar la recerca de carb\u00f3 al Montsec m\u00e9s meridional. Durant dos anys consecutius, 1872 i 1873, va dur a terme dues excursions<br>des de Santa Maria de Mei\u00e0 i Pont d\u2019\u00c0ger, respectivament, fins als nivells amb carbons propers al poble de R\u00fabies. Durant aquests viatges Vidal fixa la posici\u00f3 i extensi\u00f3 de les capes de carb\u00f3 del Montsec de Mei\u00e0.<\/p>\n<\/div>\n\n \n\n<div class=\"cont--image-gallery\">\n      \n    \n    <div class=\"items--image-gallery owl-carousel\">\n        \n                  \n            \n            \n            <div class=\"item content--image-gallery-item\">\n                <div class=\"cont--image\">\n                    <img loading=\"lazy\" decoding=\"async\" width=\"1039\" height=\"843\" src=\"https:\/\/pedrerademeia.geoparcorigens.cat\/wp-content\/uploads\/estratigrafia-montsec-rubies-1873.jpg\" class=\"attachment-full size-full\" alt=\"\" \/>                <\/div>\n                <div class=\"cont--text-caption\">\n                    Perfil estratigr\u00e0fic del Montsec de R\u00fabies amb els nivells de lignit (1873) (extret\r\nd\u2019Aragon\u00e9s 2019).                <\/div>\n            <\/div>\n\n            \n        \n    <\/div>\n<\/div>\n\n<div class=\"wrapper-classic-paragraph\">\n<p>En aquestes primeres visites Vidal ja localitza diversos f\u00f2ssils aptians, per\u00f2 \u00e9s a partir de 1888, quan \u00e9s nomenat cap del districte miner de Lleida quan torna a explorar el mass\u00eds. A m\u00e9s de dur a terme recerques geol\u00f2giques i paleontol\u00f2giques, tamb\u00e9 s\u2019interessa per les restes arqueol\u00f2giques, donant a con\u00e8ixer diversos d\u00f2lmens.<br \/>Gaireb\u00e9 cada any, des de 1888 fins a 1895 fa alguna visita al Montsec, travessant el mass\u00eds de nord a sud i d\u2019est a oest, estudiant la geologia en detall, recol\u00b7lectant f\u00f2ssils i fent fotografies de la zona.<\/p>\n<h2>Les demarcacions mineres 1898<a id=\"les_demarcacions_mineres_1898\"><\/a><\/h2>\n<p>Una de les tasques de Vidal com a cap de la prefectura minera va ser la de delimitar les concessions mineres de carb\u00f3 i pedra litogr\u00e0fica sobre el terreny, de manera que va aprofitar aquestes tasques per continuar amb les seves observacions geol\u00f2giques. La primera indicaci\u00f3 de calc\u00e0ries litogr\u00e0fiques la fa durant una excursi\u00f3 de revisi\u00f3 de l\u2019estratigrafia el 17 d\u2019octubre de 1898, entre l&#8217;ermita de Sant Sebasti\u00e0 i el primer cingle, i que possiblement corresponguin a les de la Cabroa (veure Aragon\u00e9s 2019), tot i que en aquell moment ja estava constru\u00efda la carretera que portava a la pedrera de R\u00fabies i que aquesta ja es trobava activa, segons es veu en la fotografia d\u2019octubre de 1899 on es veuen els derrubis de l\u2019explotaci\u00f3. Cal remarcar que per aquelles dates (1898) no s\u2019havia localitzat cap f\u00f2ssil a la pedrera.<\/p>\n<\/div>\n\n \n\n<div class=\"cont--image-gallery\">\n      \n    \n    <div class=\"items--image-gallery owl-carousel\">\n        \n                  \n            \n            \n            <div class=\"item content--image-gallery-item\">\n                <div class=\"cont--image\">\n                    <img loading=\"lazy\" decoding=\"async\" width=\"1024\" height=\"742\" src=\"https:\/\/pedrerademeia.geoparcorigens.cat\/wp-content\/uploads\/Pedrera-1898.jpg\" class=\"attachment-full size-full\" alt=\"\" \/>                <\/div>\n                <div class=\"cont--text-caption\">\n                    Fotografia feta per Vidal l\u2019octubre de 1899 on es veuen les acumulacions de runa de la pedrera                <\/div>\n            <\/div>\n\n            \n        \n    <\/div>\n<\/div>","protected":false},"template":"","years":[232],"class_list":["post-11133","history","type-history","status-publish","hentry","years-232"],"acf":[],"yoast_head":"<!-- This site is optimized with the Yoast SEO plugin v27.4 - https:\/\/yoast.com\/product\/yoast-seo-wordpress\/ -->\n<title>Les expedicions de Llu\u00eds Mari\u00e0 Vidal al Montsec - Pedrera de Meia - Geoparc Origens<\/title>\n<meta name=\"robots\" content=\"index, follow, max-snippet:-1, max-image-preview:large, max-video-preview:-1\" \/>\n<link rel=\"canonical\" href=\"https:\/\/pedrerademeia.geoparcorigens.cat\/ca\/historia\/les-expedicions-de-lluis-maria-vidal-al-montsec\/\" \/>\n<meta property=\"og:locale\" content=\"ca_ES\" \/>\n<meta property=\"og:type\" content=\"article\" \/>\n<meta property=\"og:title\" content=\"Les expedicions de Llu\u00eds Mari\u00e0 Vidal al Montsec - Pedrera de Meia - Geoparc Origens\" \/>\n<meta property=\"og:description\" content=\"Els primers contactes de Vidal amb el Montsec Llu\u00eds Mari\u00e0 i Vidal (1842-1921) va ser un enginyer de mines, un excel\u00b7lent investigador de camp i un pioner de la paleontologia. L\u2019any 1872, despr\u00e9s de prospectar la conca amb lignits de l\u2019Alt Bergued\u00e0, va continuar la recerca de carb\u00f3 al Montsec m\u00e9s meridional. Durant dos anys [&hellip;]\" \/>\n<meta property=\"og:url\" content=\"https:\/\/pedrerademeia.geoparcorigens.cat\/ca\/historia\/les-expedicions-de-lluis-maria-vidal-al-montsec\/\" \/>\n<meta property=\"og:site_name\" content=\"Pedrera de Meia - Geoparc Origens\" \/>\n<meta property=\"article:modified_time\" content=\"2025-01-20T09:17:01+00:00\" \/>\n<meta name=\"twitter:card\" content=\"summary_large_image\" \/>\n<meta name=\"twitter:label1\" content=\"Temps estimat de lectura\" \/>\n\t<meta name=\"twitter:data1\" content=\"2 minuts\" \/>\n<script type=\"application\/ld+json\" class=\"yoast-schema-graph\">{\"@context\":\"https:\\\/\\\/schema.org\",\"@graph\":[{\"@type\":\"WebPage\",\"@id\":\"https:\\\/\\\/pedrerademeia.geoparcorigens.cat\\\/ca\\\/historia\\\/les-expedicions-de-lluis-maria-vidal-al-montsec\\\/\",\"url\":\"https:\\\/\\\/pedrerademeia.geoparcorigens.cat\\\/ca\\\/historia\\\/les-expedicions-de-lluis-maria-vidal-al-montsec\\\/\",\"name\":\"Les expedicions de Llu\u00eds Mari\u00e0 Vidal al Montsec - Pedrera de Meia - Geoparc Origens\",\"isPartOf\":{\"@id\":\"https:\\\/\\\/pedrerademeia.geoparcorigens.cat\\\/ca\\\/#website\"},\"datePublished\":\"2022-12-29T07:40:16+00:00\",\"dateModified\":\"2025-01-20T09:17:01+00:00\",\"breadcrumb\":{\"@id\":\"https:\\\/\\\/pedrerademeia.geoparcorigens.cat\\\/ca\\\/historia\\\/les-expedicions-de-lluis-maria-vidal-al-montsec\\\/#breadcrumb\"},\"inLanguage\":\"ca\",\"potentialAction\":[{\"@type\":\"ReadAction\",\"target\":[\"https:\\\/\\\/pedrerademeia.geoparcorigens.cat\\\/ca\\\/historia\\\/les-expedicions-de-lluis-maria-vidal-al-montsec\\\/\"]}]},{\"@type\":\"BreadcrumbList\",\"@id\":\"https:\\\/\\\/pedrerademeia.geoparcorigens.cat\\\/ca\\\/historia\\\/les-expedicions-de-lluis-maria-vidal-al-montsec\\\/#breadcrumb\",\"itemListElement\":[{\"@type\":\"ListItem\",\"position\":1,\"name\":\"Portada\",\"item\":\"https:\\\/\\\/pedrerademeia.geoparcorigens.cat\\\/ca\\\/\"},{\"@type\":\"ListItem\",\"position\":2,\"name\":\"Les expedicions de Llu\u00eds Mari\u00e0 Vidal al Montsec\"}]},{\"@type\":\"WebSite\",\"@id\":\"https:\\\/\\\/pedrerademeia.geoparcorigens.cat\\\/ca\\\/#website\",\"url\":\"https:\\\/\\\/pedrerademeia.geoparcorigens.cat\\\/ca\\\/\",\"name\":\"Pedrera de Meia - Geoparc Origens\",\"description\":\"Otro sitio realizado con WordPress\",\"publisher\":{\"@id\":\"https:\\\/\\\/pedrerademeia.geoparcorigens.cat\\\/ca\\\/#organization\"},\"potentialAction\":[{\"@type\":\"SearchAction\",\"target\":{\"@type\":\"EntryPoint\",\"urlTemplate\":\"https:\\\/\\\/pedrerademeia.geoparcorigens.cat\\\/ca\\\/?s={search_term_string}\"},\"query-input\":{\"@type\":\"PropertyValueSpecification\",\"valueRequired\":true,\"valueName\":\"search_term_string\"}}],\"inLanguage\":\"ca\"},{\"@type\":\"Organization\",\"@id\":\"https:\\\/\\\/pedrerademeia.geoparcorigens.cat\\\/ca\\\/#organization\",\"name\":\"Pedrera de Meia - Geoparc Origens\",\"url\":\"https:\\\/\\\/pedrerademeia.geoparcorigens.cat\\\/ca\\\/\",\"logo\":{\"@type\":\"ImageObject\",\"inLanguage\":\"ca\",\"@id\":\"https:\\\/\\\/pedrerademeia.geoparcorigens.cat\\\/ca\\\/#\\\/schema\\\/logo\\\/image\\\/\",\"url\":\"https:\\\/\\\/pedrerademeia.geoparcorigens.cat\\\/wp-content\\\/uploads\\\/cropped-cropped-geoparc_logo_marca_color_transparent.png\",\"contentUrl\":\"https:\\\/\\\/pedrerademeia.geoparcorigens.cat\\\/wp-content\\\/uploads\\\/cropped-cropped-geoparc_logo_marca_color_transparent.png\",\"width\":5197,\"height\":2011,\"caption\":\"Pedrera de Meia - Geoparc Origens\"},\"image\":{\"@id\":\"https:\\\/\\\/pedrerademeia.geoparcorigens.cat\\\/ca\\\/#\\\/schema\\\/logo\\\/image\\\/\"}}]}<\/script>\n<!-- \/ Yoast SEO plugin. -->","yoast_head_json":{"title":"Les expedicions de Llu\u00eds Mari\u00e0 Vidal al Montsec - Pedrera de Meia - Geoparc Origens","robots":{"index":"index","follow":"follow","max-snippet":"max-snippet:-1","max-image-preview":"max-image-preview:large","max-video-preview":"max-video-preview:-1"},"canonical":"https:\/\/pedrerademeia.geoparcorigens.cat\/ca\/historia\/les-expedicions-de-lluis-maria-vidal-al-montsec\/","og_locale":"ca_ES","og_type":"article","og_title":"Les expedicions de Llu\u00eds Mari\u00e0 Vidal al Montsec - Pedrera de Meia - Geoparc Origens","og_description":"Els primers contactes de Vidal amb el Montsec Llu\u00eds Mari\u00e0 i Vidal (1842-1921) va ser un enginyer de mines, un excel\u00b7lent investigador de camp i un pioner de la paleontologia. L\u2019any 1872, despr\u00e9s de prospectar la conca amb lignits de l\u2019Alt Bergued\u00e0, va continuar la recerca de carb\u00f3 al Montsec m\u00e9s meridional. Durant dos anys [&hellip;]","og_url":"https:\/\/pedrerademeia.geoparcorigens.cat\/ca\/historia\/les-expedicions-de-lluis-maria-vidal-al-montsec\/","og_site_name":"Pedrera de Meia - Geoparc Origens","article_modified_time":"2025-01-20T09:17:01+00:00","twitter_card":"summary_large_image","twitter_misc":{"Temps estimat de lectura":"2 minuts"},"schema":{"@context":"https:\/\/schema.org","@graph":[{"@type":"WebPage","@id":"https:\/\/pedrerademeia.geoparcorigens.cat\/ca\/historia\/les-expedicions-de-lluis-maria-vidal-al-montsec\/","url":"https:\/\/pedrerademeia.geoparcorigens.cat\/ca\/historia\/les-expedicions-de-lluis-maria-vidal-al-montsec\/","name":"Les expedicions de Llu\u00eds Mari\u00e0 Vidal al Montsec - Pedrera de Meia - Geoparc Origens","isPartOf":{"@id":"https:\/\/pedrerademeia.geoparcorigens.cat\/ca\/#website"},"datePublished":"2022-12-29T07:40:16+00:00","dateModified":"2025-01-20T09:17:01+00:00","breadcrumb":{"@id":"https:\/\/pedrerademeia.geoparcorigens.cat\/ca\/historia\/les-expedicions-de-lluis-maria-vidal-al-montsec\/#breadcrumb"},"inLanguage":"ca","potentialAction":[{"@type":"ReadAction","target":["https:\/\/pedrerademeia.geoparcorigens.cat\/ca\/historia\/les-expedicions-de-lluis-maria-vidal-al-montsec\/"]}]},{"@type":"BreadcrumbList","@id":"https:\/\/pedrerademeia.geoparcorigens.cat\/ca\/historia\/les-expedicions-de-lluis-maria-vidal-al-montsec\/#breadcrumb","itemListElement":[{"@type":"ListItem","position":1,"name":"Portada","item":"https:\/\/pedrerademeia.geoparcorigens.cat\/ca\/"},{"@type":"ListItem","position":2,"name":"Les expedicions de Llu\u00eds Mari\u00e0 Vidal al Montsec"}]},{"@type":"WebSite","@id":"https:\/\/pedrerademeia.geoparcorigens.cat\/ca\/#website","url":"https:\/\/pedrerademeia.geoparcorigens.cat\/ca\/","name":"Pedrera de Meia - Geoparc Origens","description":"Otro sitio realizado con WordPress","publisher":{"@id":"https:\/\/pedrerademeia.geoparcorigens.cat\/ca\/#organization"},"potentialAction":[{"@type":"SearchAction","target":{"@type":"EntryPoint","urlTemplate":"https:\/\/pedrerademeia.geoparcorigens.cat\/ca\/?s={search_term_string}"},"query-input":{"@type":"PropertyValueSpecification","valueRequired":true,"valueName":"search_term_string"}}],"inLanguage":"ca"},{"@type":"Organization","@id":"https:\/\/pedrerademeia.geoparcorigens.cat\/ca\/#organization","name":"Pedrera de Meia - Geoparc Origens","url":"https:\/\/pedrerademeia.geoparcorigens.cat\/ca\/","logo":{"@type":"ImageObject","inLanguage":"ca","@id":"https:\/\/pedrerademeia.geoparcorigens.cat\/ca\/#\/schema\/logo\/image\/","url":"https:\/\/pedrerademeia.geoparcorigens.cat\/wp-content\/uploads\/cropped-cropped-geoparc_logo_marca_color_transparent.png","contentUrl":"https:\/\/pedrerademeia.geoparcorigens.cat\/wp-content\/uploads\/cropped-cropped-geoparc_logo_marca_color_transparent.png","width":5197,"height":2011,"caption":"Pedrera de Meia - Geoparc Origens"},"image":{"@id":"https:\/\/pedrerademeia.geoparcorigens.cat\/ca\/#\/schema\/logo\/image\/"}}]}},"_links":{"self":[{"href":"https:\/\/pedrerademeia.geoparcorigens.cat\/ca\/wp-json\/wp\/v2\/history\/11133","targetHints":{"allow":["GET"]}}],"collection":[{"href":"https:\/\/pedrerademeia.geoparcorigens.cat\/ca\/wp-json\/wp\/v2\/history"}],"about":[{"href":"https:\/\/pedrerademeia.geoparcorigens.cat\/ca\/wp-json\/wp\/v2\/types\/history"}],"wp:attachment":[{"href":"https:\/\/pedrerademeia.geoparcorigens.cat\/ca\/wp-json\/wp\/v2\/media?parent=11133"}],"wp:term":[{"taxonomy":"years","embeddable":true,"href":"https:\/\/pedrerademeia.geoparcorigens.cat\/ca\/wp-json\/wp\/v2\/years?post=11133"}],"curies":[{"name":"wp","href":"https:\/\/api.w.org\/{rel}","templated":true}]}}