{"id":392,"date":"2021-02-25T15:10:47","date_gmt":"2021-02-25T15:10:47","guid":{"rendered":"https:\/\/pedrerademeia.geoparcorigens.cat\/?post_type=history&#038;p=392"},"modified":"2025-01-20T09:51:19","modified_gmt":"2025-01-20T09:51:19","slug":"el-descobriment-dels-jaciments-2","status":"publish","type":"history","link":"https:\/\/pedrerademeia.geoparcorigens.cat\/ca\/historia\/el-descobriment-dels-jaciments-2\/","title":{"rendered":"Per\u00edode d\u2019explotaci\u00f3 comercial"},"content":{"rendered":"\n<div class=\"wp-block-columns is-layout-flex wp-container-core-columns-is-layout-9d6595d7 wp-block-columns-is-layout-flex\">\n<div class=\"wp-block-column is-layout-flow wp-block-column-is-layout-flow\"><div class=\"wrapper-classic-paragraph\">\n<h2>Un arxiu fant\u00e0stic<a id=\"arxiu_fantastic\"><\/a><\/h2>\n<p>Tal com hem comentat, gr\u00e0cies a la gran afici\u00f3 a la fotografia de Llu\u00eds Mari\u00e0 Vidal, ens ha arribat fins a nosaltres un bon recull d\u2019imatges de la Pedrera i de les feines que en ella s\u2019hi desenvolupaven.<\/p>\n<\/div>\n\n<div class=\"wrapper-classic-paragraph\">\n<h2>La dura vida a la Pedrera<a id=\"La_dura_vida\"><\/a><\/h2>\n<p>Nom\u00e9s el viatge que ens porta des de Santa Maria o Vilanova fins a la Pedrera, ja sigui passant per l\u2019ermita de Mei\u00e0 o pel pas de la Cabroa per anar a parar a la font del Reger i, d\u2019all\u00e0 continuar fins el trencall de R\u00fabies i baixar fins la Pedrera, ja ens d\u00f3na una idea de com de fer\u00e9stega \u00e9s aquesta zona i com de dif\u00edcil havia de ser el treball en aquelles condicions. Una altra opci\u00f3 per pujar a la Pedrera \u00e9s des de l\u2019actual carretera d\u2019\u00c0ger a Terradets, des d\u2019un punt proper a la font de les Bagasses, per un corriol.<\/p>\n<p>En aquestes condicions \u00e9s comprensible que es cerqu\u00e9s una soluci\u00f3 per evitar els despla\u00e7aments i augmentar la producci\u00f3. Aquesta soluci\u00f3 va passar per la construcci\u00f3 d\u2019unes casetes pels treballadors, de les quals avui en dia encara en podem veure part de la seva estructura i, fins i tot, alguna pica o safareig abandonats.<\/p>\n<\/div>\n\n\n<p><\/p>\n<\/div>\n<\/div>\n\n\n\n\n\n<div style=\"height:40px\" aria-hidden=\"true\" class=\"wp-block-spacer\"><\/div>\n\n\n \n\n<div class=\"cont--image-gallery\">\n      \n    \n    <div class=\"items--image-gallery owl-carousel\">\n        \n                  \n            \n            \n            <div class=\"item content--image-gallery-item\">\n                <div class=\"cont--image\">\n                    <img loading=\"lazy\" decoding=\"async\" width=\"1920\" height=\"1399\" src=\"https:\/\/pedrerademeia.geoparcorigens.cat\/wp-content\/uploads\/casetes-treballadors.jpg\" class=\"attachment-full size-full\" alt=\"\" srcset=\"https:\/\/pedrerademeia.geoparcorigens.cat\/wp-content\/uploads\/casetes-treballadors.jpg 1920w, https:\/\/pedrerademeia.geoparcorigens.cat\/wp-content\/uploads\/casetes-treballadors-1536x1119.jpg 1536w\" sizes=\"auto, (max-width: 1920px) 100vw, 1920px\" \/>                <\/div>\n                <div class=\"cont--text-caption\">\n                    Fotografia de les casetes durant la seva construcci\u00f3. Autor Llu\u00eds Mari\u00e0 Vidal (entre 1890 i 1922). \u00a9Arxiu Fotogr\u00e0fic Centre Excursionista de Catalunya                <\/div>\n            <\/div>\n\n            \n        \n    <\/div>\n<\/div>\n\n<div class=\"wrapper-classic-paragraph\">\n<h2>Una feina complicada<a id=\"Una_feina_complicada\"><\/a><\/h2>\n<p>Al final de la Pedrera hi trobem els vestigis de les cases dels treballadors, per\u00f2 a l\u2019entrada hi trobem una construcci\u00f3 m\u00e9s \u00e0mplia, que en les fotos de l\u2019\u00e8poca ens mostra una major esplendor. En aquest punt s\u2019havia de fer el control d\u2019entrada i sortida de carros i, sobretot, de les pedres que s\u2019enviaven cap a Barcelona<\/p>\n<\/div>\n\n \n\n<div class=\"cont--image-gallery\">\n      \n    \n    <div class=\"items--image-gallery owl-carousel\">\n        \n                  \n            \n            \n            <div class=\"item content--image-gallery-item\">\n                <div class=\"cont--image\">\n                    <img loading=\"lazy\" decoding=\"async\" width=\"1920\" height=\"1387\" src=\"https:\/\/pedrerademeia.geoparcorigens.cat\/wp-content\/uploads\/Caseta-encarregat_.jpg\" class=\"attachment-full size-full\" alt=\"Caseta de l\u2019encarregat, aix\u00ed era la casa que es troba a l\u2019entrada de la Pedrera. Autor Lluis Mari\u00e0 Vidal (entre 1890 i 1922). \u00a9Arxiu Fotogr\u00e0fic Centre Excursionista de Catalunya.\" srcset=\"https:\/\/pedrerademeia.geoparcorigens.cat\/wp-content\/uploads\/Caseta-encarregat_.jpg 1920w, https:\/\/pedrerademeia.geoparcorigens.cat\/wp-content\/uploads\/Caseta-encarregat_-1536x1110.jpg 1536w\" sizes=\"auto, (max-width: 1920px) 100vw, 1920px\" \/>                <\/div>\n                <div class=\"cont--text-caption\">\n                    Caseta de l\u2019encarregat, aix\u00ed era la casa que es troba a l\u2019entrada de la Pedrera. Autor Lluis Mari\u00e0 Vidal (entre 1890 i 1922). \u00a9Arxiu Fotogr\u00e0fic Centre Excursionista de Catalunya.                <\/div>\n            <\/div>\n\n            \n        \n    <\/div>\n<\/div>\n\n\n<div style=\"height:10px\" aria-hidden=\"true\" class=\"wp-block-spacer\"><\/div>\n\n\n<div class=\"wrapper-classic-paragraph\">\n<p>Tot i que l\u2019aflorament de pedra litogr\u00e0fica t\u00e9 una gran extensi\u00f3, l\u2019orografia de la zona ens fa suposar que els treballs inicials per tal de trobar les capes d\u2019extracci\u00f3 devien ser molt durs. En la s\u00e8rie d\u2019imatges de Vidal sobre la neteja i preparaci\u00f3 del tall s\u2019aprecia b\u00e9 la duresa d\u2019aquestes tasques, que consistien en remoure la terra i el sol acumulat sobre l\u2019aflorament, amb l\u2019objectiu de poder seguir b\u00e9 cada capa.<\/p>\n<\/div>\n\n\n<figure class=\"wp-block-gallery has-nested-images columns-default is-cropped wp-block-gallery-1 is-layout-flex wp-block-gallery-is-layout-flex\">\n<figure class=\"wp-block-image size-large\"><img loading=\"lazy\" decoding=\"async\" width=\"1836\" height=\"2560\" data-id=\"8817\" src=\"https:\/\/pedrerademeia.geoparcorigens.cat\/wp-content\/uploads\/Netaja-i-prepacio-del-nou-tall3-scaled.jpg\" alt=\"\" class=\"wp-image-8817\" srcset=\"https:\/\/pedrerademeia.geoparcorigens.cat\/wp-content\/uploads\/Netaja-i-prepacio-del-nou-tall3-scaled.jpg 1836w, https:\/\/pedrerademeia.geoparcorigens.cat\/wp-content\/uploads\/Netaja-i-prepacio-del-nou-tall3-scaled-1102x1536.jpg 1102w, https:\/\/pedrerademeia.geoparcorigens.cat\/wp-content\/uploads\/Netaja-i-prepacio-del-nou-tall3-scaled-1469x2048.jpg 1469w\" sizes=\"auto, (max-width: 1836px) 100vw, 1836px\" \/><\/figure>\n\n\n\n<figure class=\"wp-block-image size-large\"><img loading=\"lazy\" decoding=\"async\" width=\"1795\" height=\"2560\" data-id=\"8822\" src=\"https:\/\/pedrerademeia.geoparcorigens.cat\/wp-content\/uploads\/Neteja-i-preparacio-del-nou-tall1-scaled.jpg\" alt=\"\" class=\"wp-image-8822\" srcset=\"https:\/\/pedrerademeia.geoparcorigens.cat\/wp-content\/uploads\/Neteja-i-preparacio-del-nou-tall1-scaled.jpg 1795w, https:\/\/pedrerademeia.geoparcorigens.cat\/wp-content\/uploads\/Neteja-i-preparacio-del-nou-tall1-scaled-1077x1536.jpg 1077w, https:\/\/pedrerademeia.geoparcorigens.cat\/wp-content\/uploads\/Neteja-i-preparacio-del-nou-tall1-scaled-1436x2048.jpg 1436w\" sizes=\"auto, (max-width: 1795px) 100vw, 1795px\" \/><\/figure>\n\n\n\n<figure class=\"wp-block-image size-large\"><img loading=\"lazy\" decoding=\"async\" width=\"1920\" height=\"1366\" data-id=\"8825\" src=\"https:\/\/pedrerademeia.geoparcorigens.cat\/wp-content\/uploads\/Neteja-i-preparacio-del-nou-tall2.jpg\" alt=\"\" class=\"wp-image-8825\" srcset=\"https:\/\/pedrerademeia.geoparcorigens.cat\/wp-content\/uploads\/Neteja-i-preparacio-del-nou-tall2.jpg 1920w, https:\/\/pedrerademeia.geoparcorigens.cat\/wp-content\/uploads\/Neteja-i-preparacio-del-nou-tall2-1536x1093.jpg 1536w\" sizes=\"auto, (max-width: 1920px) 100vw, 1920px\" \/><\/figure>\n<figcaption class=\"blocks-gallery-caption wp-element-caption\">Treballs de neteja i preparaci\u00f3 del tall de la Pedrera<\/figcaption><\/figure>\n\n\n\n<div style=\"height:40px\" aria-hidden=\"true\" class=\"wp-block-spacer\"><\/div>\n\n\n<div class=\"wrapper-classic-paragraph\">\n<p><span style=\"font-weight: 400;\">Un cop la superf\u00edcie es trobava neta de terra i vegetaci\u00f3 ja es podria procedir a descal\u00e7ar i separar els blocs de pedra litogr\u00e0fica, amb l\u2019ajut de perpalines, escarpres i masses. En les fotografies d\u2019en Vidal es pot apreciar la feixuga tasca de preparaci\u00f3 de les pedres i, en una d\u2019elles, es pot distingir perfectament entre els treballadors, l\u2019encarregat i l\u2019amo.<\/span><\/p>\n<\/div>\n\n\n<figure class=\"wp-block-gallery has-nested-images columns-default is-cropped wp-block-gallery-2 is-layout-flex wp-block-gallery-is-layout-flex\">\n<figure class=\"wp-block-image size-large\"><img loading=\"lazy\" decoding=\"async\" width=\"1837\" height=\"2560\" data-id=\"8829\" src=\"https:\/\/pedrerademeia.geoparcorigens.cat\/wp-content\/uploads\/Treballs-pedrera1-scaled.jpg\" alt=\"\" class=\"wp-image-8829\" srcset=\"https:\/\/pedrerademeia.geoparcorigens.cat\/wp-content\/uploads\/Treballs-pedrera1-scaled.jpg 1837w, https:\/\/pedrerademeia.geoparcorigens.cat\/wp-content\/uploads\/Treballs-pedrera1-scaled-1102x1536.jpg 1102w, https:\/\/pedrerademeia.geoparcorigens.cat\/wp-content\/uploads\/Treballs-pedrera1-scaled-1470x2048.jpg 1470w\" sizes=\"auto, (max-width: 1837px) 100vw, 1837px\" \/><\/figure>\n\n\n\n<figure class=\"wp-block-image size-large\"><img loading=\"lazy\" decoding=\"async\" width=\"1920\" height=\"1333\" data-id=\"8832\" src=\"https:\/\/pedrerademeia.geoparcorigens.cat\/wp-content\/uploads\/Treballs-pedrera2.jpg\" alt=\"\" class=\"wp-image-8832\" srcset=\"https:\/\/pedrerademeia.geoparcorigens.cat\/wp-content\/uploads\/Treballs-pedrera2.jpg 1920w, https:\/\/pedrerademeia.geoparcorigens.cat\/wp-content\/uploads\/Treballs-pedrera2-1536x1066.jpg 1536w\" sizes=\"auto, (max-width: 1920px) 100vw, 1920px\" \/><\/figure>\n\n\n\n<figure class=\"wp-block-image size-large\"><img loading=\"lazy\" decoding=\"async\" width=\"1920\" height=\"2539\" data-id=\"8835\" src=\"https:\/\/pedrerademeia.geoparcorigens.cat\/wp-content\/uploads\/Treballs-pedrera3.jpg\" alt=\"\" class=\"wp-image-8835\" srcset=\"https:\/\/pedrerademeia.geoparcorigens.cat\/wp-content\/uploads\/Treballs-pedrera3.jpg 1920w, https:\/\/pedrerademeia.geoparcorigens.cat\/wp-content\/uploads\/Treballs-pedrera3-1162x1536.jpg 1162w, https:\/\/pedrerademeia.geoparcorigens.cat\/wp-content\/uploads\/Treballs-pedrera3-1549x2048.jpg 1549w\" sizes=\"auto, (max-width: 1920px) 100vw, 1920px\" \/><\/figure>\n\n\n\n<figure class=\"wp-block-image size-large\"><img loading=\"lazy\" decoding=\"async\" width=\"1831\" height=\"2560\" data-id=\"8841\" src=\"https:\/\/pedrerademeia.geoparcorigens.cat\/wp-content\/uploads\/Treballs-pedrera5-scaled.jpg\" alt=\"\" class=\"wp-image-8841\" srcset=\"https:\/\/pedrerademeia.geoparcorigens.cat\/wp-content\/uploads\/Treballs-pedrera5-scaled.jpg 1831w, https:\/\/pedrerademeia.geoparcorigens.cat\/wp-content\/uploads\/Treballs-pedrera5-scaled-1099x1536.jpg 1099w, https:\/\/pedrerademeia.geoparcorigens.cat\/wp-content\/uploads\/Treballs-pedrera5-scaled-1465x2048.jpg 1465w\" sizes=\"auto, (max-width: 1831px) 100vw, 1831px\" \/><\/figure>\n\n\n\n<figure class=\"wp-block-image size-large\"><img loading=\"lazy\" decoding=\"async\" width=\"1780\" height=\"2560\" data-id=\"8838\" src=\"https:\/\/pedrerademeia.geoparcorigens.cat\/wp-content\/uploads\/Treballs-pedrera4-scaled.jpg\" alt=\"\" class=\"wp-image-8838\" srcset=\"https:\/\/pedrerademeia.geoparcorigens.cat\/wp-content\/uploads\/Treballs-pedrera4-scaled.jpg 1780w, https:\/\/pedrerademeia.geoparcorigens.cat\/wp-content\/uploads\/Treballs-pedrera4-scaled-1068x1536.jpg 1068w, https:\/\/pedrerademeia.geoparcorigens.cat\/wp-content\/uploads\/Treballs-pedrera4-scaled-1424x2048.jpg 1424w\" sizes=\"auto, (max-width: 1780px) 100vw, 1780px\" \/><\/figure>\n<figcaption class=\"blocks-gallery-caption wp-element-caption\">Preparant la pedra per ser enviada a Barcelona<\/figcaption><\/figure>\n","protected":false},"template":"","years":[16],"class_list":["post-392","history","type-history","status-publish","hentry","years-16"],"acf":[],"yoast_head":"<!-- This site is optimized with the Yoast SEO plugin v27.4 - https:\/\/yoast.com\/product\/yoast-seo-wordpress\/ -->\n<title>Per\u00edode d\u2019explotaci\u00f3 comercial - Pedrera de Meia - Geoparc Origens<\/title>\n<meta name=\"robots\" content=\"index, follow, max-snippet:-1, max-image-preview:large, max-video-preview:-1\" \/>\n<link rel=\"canonical\" href=\"https:\/\/pedrerademeia.geoparcorigens.cat\/ca\/historia\/el-descobriment-dels-jaciments-2\/\" \/>\n<meta property=\"og:locale\" content=\"ca_ES\" \/>\n<meta property=\"og:type\" content=\"article\" \/>\n<meta property=\"og:title\" content=\"Per\u00edode d\u2019explotaci\u00f3 comercial - Pedrera de Meia - Geoparc Origens\" \/>\n<meta property=\"og:description\" content=\"Un arxiu fant\u00e0stic Tal com hem comentat, gr\u00e0cies a la gran afici\u00f3 a la fotografia de Llu\u00eds Mari\u00e0 Vidal, ens ha arribat fins a nosaltres un bon recull d\u2019imatges de la Pedrera i de les feines que en ella s\u2019hi desenvolupaven. La dura vida a la Pedrera Nom\u00e9s el viatge que ens porta des de [&hellip;]\" \/>\n<meta property=\"og:url\" content=\"https:\/\/pedrerademeia.geoparcorigens.cat\/ca\/historia\/el-descobriment-dels-jaciments-2\/\" \/>\n<meta property=\"og:site_name\" content=\"Pedrera de Meia - Geoparc Origens\" \/>\n<meta property=\"article:modified_time\" content=\"2025-01-20T09:51:19+00:00\" \/>\n<meta property=\"og:image\" content=\"https:\/\/pedrerademeia.geoparcorigens.cat\/wp-content\/uploads\/Netaja-i-prepacio-del-nou-tall3-scaled.jpg\" \/>\n<meta name=\"twitter:card\" content=\"summary_large_image\" \/>\n<meta name=\"twitter:label1\" content=\"Temps estimat de lectura\" \/>\n\t<meta name=\"twitter:data1\" content=\"4 minuts\" \/>\n<script type=\"application\/ld+json\" class=\"yoast-schema-graph\">{\"@context\":\"https:\\\/\\\/schema.org\",\"@graph\":[{\"@type\":\"WebPage\",\"@id\":\"https:\\\/\\\/pedrerademeia.geoparcorigens.cat\\\/ca\\\/historia\\\/el-descobriment-dels-jaciments-2\\\/\",\"url\":\"https:\\\/\\\/pedrerademeia.geoparcorigens.cat\\\/ca\\\/historia\\\/el-descobriment-dels-jaciments-2\\\/\",\"name\":\"Per\u00edode d\u2019explotaci\u00f3 comercial - Pedrera de Meia - Geoparc Origens\",\"isPartOf\":{\"@id\":\"https:\\\/\\\/pedrerademeia.geoparcorigens.cat\\\/ca\\\/#website\"},\"primaryImageOfPage\":{\"@id\":\"https:\\\/\\\/pedrerademeia.geoparcorigens.cat\\\/ca\\\/historia\\\/el-descobriment-dels-jaciments-2\\\/#primaryimage\"},\"image\":{\"@id\":\"https:\\\/\\\/pedrerademeia.geoparcorigens.cat\\\/ca\\\/historia\\\/el-descobriment-dels-jaciments-2\\\/#primaryimage\"},\"thumbnailUrl\":\"https:\\\/\\\/pedrerademeia.geoparcorigens.cat\\\/wp-content\\\/uploads\\\/Netaja-i-prepacio-del-nou-tall3-scaled.jpg\",\"datePublished\":\"2021-02-25T15:10:47+00:00\",\"dateModified\":\"2025-01-20T09:51:19+00:00\",\"breadcrumb\":{\"@id\":\"https:\\\/\\\/pedrerademeia.geoparcorigens.cat\\\/ca\\\/historia\\\/el-descobriment-dels-jaciments-2\\\/#breadcrumb\"},\"inLanguage\":\"ca\",\"potentialAction\":[{\"@type\":\"ReadAction\",\"target\":[\"https:\\\/\\\/pedrerademeia.geoparcorigens.cat\\\/ca\\\/historia\\\/el-descobriment-dels-jaciments-2\\\/\"]}]},{\"@type\":\"ImageObject\",\"inLanguage\":\"ca\",\"@id\":\"https:\\\/\\\/pedrerademeia.geoparcorigens.cat\\\/ca\\\/historia\\\/el-descobriment-dels-jaciments-2\\\/#primaryimage\",\"url\":\"https:\\\/\\\/pedrerademeia.geoparcorigens.cat\\\/wp-content\\\/uploads\\\/Netaja-i-prepacio-del-nou-tall3-scaled.jpg\",\"contentUrl\":\"https:\\\/\\\/pedrerademeia.geoparcorigens.cat\\\/wp-content\\\/uploads\\\/Netaja-i-prepacio-del-nou-tall3-scaled.jpg\"},{\"@type\":\"BreadcrumbList\",\"@id\":\"https:\\\/\\\/pedrerademeia.geoparcorigens.cat\\\/ca\\\/historia\\\/el-descobriment-dels-jaciments-2\\\/#breadcrumb\",\"itemListElement\":[{\"@type\":\"ListItem\",\"position\":1,\"name\":\"Portada\",\"item\":\"https:\\\/\\\/pedrerademeia.geoparcorigens.cat\\\/ca\\\/\"},{\"@type\":\"ListItem\",\"position\":2,\"name\":\"Per\u00edode d\u2019explotaci\u00f3 comercial\"}]},{\"@type\":\"WebSite\",\"@id\":\"https:\\\/\\\/pedrerademeia.geoparcorigens.cat\\\/ca\\\/#website\",\"url\":\"https:\\\/\\\/pedrerademeia.geoparcorigens.cat\\\/ca\\\/\",\"name\":\"Pedrera de Meia - Geoparc Origens\",\"description\":\"Otro sitio realizado con WordPress\",\"publisher\":{\"@id\":\"https:\\\/\\\/pedrerademeia.geoparcorigens.cat\\\/ca\\\/#organization\"},\"potentialAction\":[{\"@type\":\"SearchAction\",\"target\":{\"@type\":\"EntryPoint\",\"urlTemplate\":\"https:\\\/\\\/pedrerademeia.geoparcorigens.cat\\\/ca\\\/?s={search_term_string}\"},\"query-input\":{\"@type\":\"PropertyValueSpecification\",\"valueRequired\":true,\"valueName\":\"search_term_string\"}}],\"inLanguage\":\"ca\"},{\"@type\":\"Organization\",\"@id\":\"https:\\\/\\\/pedrerademeia.geoparcorigens.cat\\\/ca\\\/#organization\",\"name\":\"Pedrera de Meia - Geoparc Origens\",\"url\":\"https:\\\/\\\/pedrerademeia.geoparcorigens.cat\\\/ca\\\/\",\"logo\":{\"@type\":\"ImageObject\",\"inLanguage\":\"ca\",\"@id\":\"https:\\\/\\\/pedrerademeia.geoparcorigens.cat\\\/ca\\\/#\\\/schema\\\/logo\\\/image\\\/\",\"url\":\"https:\\\/\\\/pedrerademeia.geoparcorigens.cat\\\/wp-content\\\/uploads\\\/cropped-cropped-geoparc_logo_marca_color_transparent.png\",\"contentUrl\":\"https:\\\/\\\/pedrerademeia.geoparcorigens.cat\\\/wp-content\\\/uploads\\\/cropped-cropped-geoparc_logo_marca_color_transparent.png\",\"width\":5197,\"height\":2011,\"caption\":\"Pedrera de Meia - Geoparc Origens\"},\"image\":{\"@id\":\"https:\\\/\\\/pedrerademeia.geoparcorigens.cat\\\/ca\\\/#\\\/schema\\\/logo\\\/image\\\/\"}}]}<\/script>\n<!-- \/ Yoast SEO plugin. -->","yoast_head_json":{"title":"Per\u00edode d\u2019explotaci\u00f3 comercial - Pedrera de Meia - Geoparc Origens","robots":{"index":"index","follow":"follow","max-snippet":"max-snippet:-1","max-image-preview":"max-image-preview:large","max-video-preview":"max-video-preview:-1"},"canonical":"https:\/\/pedrerademeia.geoparcorigens.cat\/ca\/historia\/el-descobriment-dels-jaciments-2\/","og_locale":"ca_ES","og_type":"article","og_title":"Per\u00edode d\u2019explotaci\u00f3 comercial - Pedrera de Meia - Geoparc Origens","og_description":"Un arxiu fant\u00e0stic Tal com hem comentat, gr\u00e0cies a la gran afici\u00f3 a la fotografia de Llu\u00eds Mari\u00e0 Vidal, ens ha arribat fins a nosaltres un bon recull d\u2019imatges de la Pedrera i de les feines que en ella s\u2019hi desenvolupaven. La dura vida a la Pedrera Nom\u00e9s el viatge que ens porta des de [&hellip;]","og_url":"https:\/\/pedrerademeia.geoparcorigens.cat\/ca\/historia\/el-descobriment-dels-jaciments-2\/","og_site_name":"Pedrera de Meia - Geoparc Origens","article_modified_time":"2025-01-20T09:51:19+00:00","og_image":[{"url":"https:\/\/pedrerademeia.geoparcorigens.cat\/wp-content\/uploads\/Netaja-i-prepacio-del-nou-tall3-scaled.jpg","type":"","width":"","height":""}],"twitter_card":"summary_large_image","twitter_misc":{"Temps estimat de lectura":"4 minuts"},"schema":{"@context":"https:\/\/schema.org","@graph":[{"@type":"WebPage","@id":"https:\/\/pedrerademeia.geoparcorigens.cat\/ca\/historia\/el-descobriment-dels-jaciments-2\/","url":"https:\/\/pedrerademeia.geoparcorigens.cat\/ca\/historia\/el-descobriment-dels-jaciments-2\/","name":"Per\u00edode d\u2019explotaci\u00f3 comercial - Pedrera de Meia - Geoparc Origens","isPartOf":{"@id":"https:\/\/pedrerademeia.geoparcorigens.cat\/ca\/#website"},"primaryImageOfPage":{"@id":"https:\/\/pedrerademeia.geoparcorigens.cat\/ca\/historia\/el-descobriment-dels-jaciments-2\/#primaryimage"},"image":{"@id":"https:\/\/pedrerademeia.geoparcorigens.cat\/ca\/historia\/el-descobriment-dels-jaciments-2\/#primaryimage"},"thumbnailUrl":"https:\/\/pedrerademeia.geoparcorigens.cat\/wp-content\/uploads\/Netaja-i-prepacio-del-nou-tall3-scaled.jpg","datePublished":"2021-02-25T15:10:47+00:00","dateModified":"2025-01-20T09:51:19+00:00","breadcrumb":{"@id":"https:\/\/pedrerademeia.geoparcorigens.cat\/ca\/historia\/el-descobriment-dels-jaciments-2\/#breadcrumb"},"inLanguage":"ca","potentialAction":[{"@type":"ReadAction","target":["https:\/\/pedrerademeia.geoparcorigens.cat\/ca\/historia\/el-descobriment-dels-jaciments-2\/"]}]},{"@type":"ImageObject","inLanguage":"ca","@id":"https:\/\/pedrerademeia.geoparcorigens.cat\/ca\/historia\/el-descobriment-dels-jaciments-2\/#primaryimage","url":"https:\/\/pedrerademeia.geoparcorigens.cat\/wp-content\/uploads\/Netaja-i-prepacio-del-nou-tall3-scaled.jpg","contentUrl":"https:\/\/pedrerademeia.geoparcorigens.cat\/wp-content\/uploads\/Netaja-i-prepacio-del-nou-tall3-scaled.jpg"},{"@type":"BreadcrumbList","@id":"https:\/\/pedrerademeia.geoparcorigens.cat\/ca\/historia\/el-descobriment-dels-jaciments-2\/#breadcrumb","itemListElement":[{"@type":"ListItem","position":1,"name":"Portada","item":"https:\/\/pedrerademeia.geoparcorigens.cat\/ca\/"},{"@type":"ListItem","position":2,"name":"Per\u00edode d\u2019explotaci\u00f3 comercial"}]},{"@type":"WebSite","@id":"https:\/\/pedrerademeia.geoparcorigens.cat\/ca\/#website","url":"https:\/\/pedrerademeia.geoparcorigens.cat\/ca\/","name":"Pedrera de Meia - Geoparc Origens","description":"Otro sitio realizado con WordPress","publisher":{"@id":"https:\/\/pedrerademeia.geoparcorigens.cat\/ca\/#organization"},"potentialAction":[{"@type":"SearchAction","target":{"@type":"EntryPoint","urlTemplate":"https:\/\/pedrerademeia.geoparcorigens.cat\/ca\/?s={search_term_string}"},"query-input":{"@type":"PropertyValueSpecification","valueRequired":true,"valueName":"search_term_string"}}],"inLanguage":"ca"},{"@type":"Organization","@id":"https:\/\/pedrerademeia.geoparcorigens.cat\/ca\/#organization","name":"Pedrera de Meia - Geoparc Origens","url":"https:\/\/pedrerademeia.geoparcorigens.cat\/ca\/","logo":{"@type":"ImageObject","inLanguage":"ca","@id":"https:\/\/pedrerademeia.geoparcorigens.cat\/ca\/#\/schema\/logo\/image\/","url":"https:\/\/pedrerademeia.geoparcorigens.cat\/wp-content\/uploads\/cropped-cropped-geoparc_logo_marca_color_transparent.png","contentUrl":"https:\/\/pedrerademeia.geoparcorigens.cat\/wp-content\/uploads\/cropped-cropped-geoparc_logo_marca_color_transparent.png","width":5197,"height":2011,"caption":"Pedrera de Meia - Geoparc Origens"},"image":{"@id":"https:\/\/pedrerademeia.geoparcorigens.cat\/ca\/#\/schema\/logo\/image\/"}}]}},"_links":{"self":[{"href":"https:\/\/pedrerademeia.geoparcorigens.cat\/ca\/wp-json\/wp\/v2\/history\/392","targetHints":{"allow":["GET"]}}],"collection":[{"href":"https:\/\/pedrerademeia.geoparcorigens.cat\/ca\/wp-json\/wp\/v2\/history"}],"about":[{"href":"https:\/\/pedrerademeia.geoparcorigens.cat\/ca\/wp-json\/wp\/v2\/types\/history"}],"wp:attachment":[{"href":"https:\/\/pedrerademeia.geoparcorigens.cat\/ca\/wp-json\/wp\/v2\/media?parent=392"}],"wp:term":[{"taxonomy":"years","embeddable":true,"href":"https:\/\/pedrerademeia.geoparcorigens.cat\/ca\/wp-json\/wp\/v2\/years?post=392"}],"curies":[{"name":"wp","href":"https:\/\/api.w.org\/{rel}","templated":true}]}}