{"id":393,"date":"2021-02-25T15:12:02","date_gmt":"2021-02-25T15:12:02","guid":{"rendered":"https:\/\/pedrerademeia.geoparcorigens.cat\/?post_type=history&#038;p=393"},"modified":"2022-12-12T12:57:58","modified_gmt":"2022-12-12T12:57:58","slug":"les-primeres-campanyes-de-lluis-maria-vidal","status":"publish","type":"history","link":"https:\/\/pedrerademeia.geoparcorigens.cat\/ca\/historia\/les-primeres-campanyes-de-lluis-maria-vidal\/","title":{"rendered":"Les primeres campanyes de Llu\u00eds Mari\u00e0 Vidal"},"content":{"rendered":"\n<div class=\"wp-block-columns is-layout-flex wp-container-core-columns-is-layout-9d6595d7 wp-block-columns-is-layout-flex\">\n<div class=\"wp-block-column is-layout-flow wp-block-column-is-layout-flow\"><div class=\"wrapper-classic-paragraph\"><\/div>\n\n<div class=\"wrapper-classic-paragraph\">\n<h2>Primera visita cient\u00edfica a la Pedrera, Soci\u00e9t\u00e9 G\u00e9ologique de France<a id=\"primera_visita_cientifica_Pedrera\"><\/a><\/h2>\n<p>L\u2019any 1898 varis membres de la <em>Soci\u00e9t\u00e9 G\u00e9ologique de France<\/em> van fer un recorregut per la zona del Montsec. Segons Aragon\u00e9s (2019), dins de la reuni\u00f3 extraordin\u00e0ria que la Soci\u00e9t\u00e9 Geologique de France va fer a Barcelona l\u2019any 1898 es va programar un visita a la regi\u00f3 central de Lleida, dirigida per Vidal. En la visita els acompanyen Jaume Almera, Artur Bofill i Patrick-William Stuar-Menteath. El dimecres 13 arriben a Vilanova de Mei\u00e0 i al migdia emprenen la travessa al Montsec pel pas de les Eugues i arriben al Pas Nou. En les notes de Vidal res fa indicar que visitessin les calc\u00e0ries litogr\u00e0fiques. Per altra banda no \u00e9s fins pocs dies despr\u00e9s de l\u2019excursi\u00f3 que reconeix les calc\u00e0ries de la Cabroa i, a m\u00e9s, en el moment de l\u2019excursi\u00f3 encara no havia sortit cap f\u00f2ssil a la Pedrera, que ja es trobava en funcionament. Podem considerar com a campanya paleontol\u00f2gica el per\u00edode d\u2019extracci\u00f3 comercial de la pedrera doncs, durant els treballs, hi havia un cert control sobre les restes f\u00f2ssils que sortien al descal\u00e7ar els blocs de pedra.<\/p>\n<\/div>\n\n\n<p><\/p>\n<\/div>\n<\/div>\n\n\n<div class=\"wrapper-classic-paragraph\">\n<h2>Campanya de recol\u00b7lecci\u00f3 de 1910<a id=\"campanya_recol.leccio_1910\"><\/a><\/h2>\n<p>Vidal va formar part de la Junta t\u00e8cnica el Museu de Ci\u00e8ncies Naturals integrat en la Pon\u00e8ncia de Geologia. \u00c9s en el marc d\u2019aquesta junta que proposa, el 1910, una excursi\u00f3 al Montsec amb l\u2019objectiu d\u2019enriquir la col\u00b7lecci\u00f3 de f\u00f2ssils de Catalunya. Es va planificar una campanya de 25 dies de durada que va tenir lloc durant la primavera i que estava a c\u00e0rrec del recol\u00b7lector del museu Sr. Josep Colominas, amb un cost total de 500 pessetes. No hi ha const\u00e0ncia ni d\u2019una visita a la Pedrera ni tampoc de quins f\u00f2ssils van ser recol\u00b7lectats.<\/p>\n<\/div>","protected":false},"template":"","years":[17],"class_list":["post-393","history","type-history","status-publish","hentry","years-17"],"acf":[],"yoast_head":"<!-- This site is optimized with the Yoast SEO plugin v27.4 - https:\/\/yoast.com\/product\/yoast-seo-wordpress\/ -->\n<title>Les primeres campanyes de Llu\u00eds Mari\u00e0 Vidal - Pedrera de Meia - Geoparc Origens<\/title>\n<meta name=\"robots\" content=\"index, follow, max-snippet:-1, max-image-preview:large, max-video-preview:-1\" \/>\n<link rel=\"canonical\" href=\"https:\/\/pedrerademeia.geoparcorigens.cat\/ca\/historia\/les-primeres-campanyes-de-lluis-maria-vidal\/\" \/>\n<meta property=\"og:locale\" content=\"ca_ES\" \/>\n<meta property=\"og:type\" content=\"article\" \/>\n<meta property=\"og:title\" content=\"Les primeres campanyes de Llu\u00eds Mari\u00e0 Vidal - Pedrera de Meia - Geoparc Origens\" \/>\n<meta property=\"og:description\" content=\"Primera visita cient\u00edfica a la Pedrera, Soci\u00e9t\u00e9 G\u00e9ologique de France L\u2019any 1898 varis membres de la Soci\u00e9t\u00e9 G\u00e9ologique de France van fer un recorregut per la zona del Montsec. Segons Aragon\u00e9s (2019), dins de la reuni\u00f3 extraordin\u00e0ria que la Soci\u00e9t\u00e9 Geologique de France va fer a Barcelona l\u2019any 1898 es va programar un visita a [&hellip;]\" \/>\n<meta property=\"og:url\" content=\"https:\/\/pedrerademeia.geoparcorigens.cat\/ca\/historia\/les-primeres-campanyes-de-lluis-maria-vidal\/\" \/>\n<meta property=\"og:site_name\" content=\"Pedrera de Meia - Geoparc Origens\" \/>\n<meta property=\"article:modified_time\" content=\"2022-12-12T12:57:58+00:00\" \/>\n<meta name=\"twitter:card\" content=\"summary_large_image\" \/>\n<meta name=\"twitter:label1\" content=\"Temps estimat de lectura\" \/>\n\t<meta name=\"twitter:data1\" content=\"2 minuts\" \/>\n<script type=\"application\/ld+json\" class=\"yoast-schema-graph\">{\"@context\":\"https:\\\/\\\/schema.org\",\"@graph\":[{\"@type\":\"WebPage\",\"@id\":\"https:\\\/\\\/pedrerademeia.geoparcorigens.cat\\\/ca\\\/historia\\\/les-primeres-campanyes-de-lluis-maria-vidal\\\/\",\"url\":\"https:\\\/\\\/pedrerademeia.geoparcorigens.cat\\\/ca\\\/historia\\\/les-primeres-campanyes-de-lluis-maria-vidal\\\/\",\"name\":\"Les primeres campanyes de Llu\u00eds Mari\u00e0 Vidal - Pedrera de Meia - Geoparc Origens\",\"isPartOf\":{\"@id\":\"https:\\\/\\\/pedrerademeia.geoparcorigens.cat\\\/ca\\\/#website\"},\"datePublished\":\"2021-02-25T15:12:02+00:00\",\"dateModified\":\"2022-12-12T12:57:58+00:00\",\"breadcrumb\":{\"@id\":\"https:\\\/\\\/pedrerademeia.geoparcorigens.cat\\\/ca\\\/historia\\\/les-primeres-campanyes-de-lluis-maria-vidal\\\/#breadcrumb\"},\"inLanguage\":\"ca\",\"potentialAction\":[{\"@type\":\"ReadAction\",\"target\":[\"https:\\\/\\\/pedrerademeia.geoparcorigens.cat\\\/ca\\\/historia\\\/les-primeres-campanyes-de-lluis-maria-vidal\\\/\"]}]},{\"@type\":\"BreadcrumbList\",\"@id\":\"https:\\\/\\\/pedrerademeia.geoparcorigens.cat\\\/ca\\\/historia\\\/les-primeres-campanyes-de-lluis-maria-vidal\\\/#breadcrumb\",\"itemListElement\":[{\"@type\":\"ListItem\",\"position\":1,\"name\":\"Portada\",\"item\":\"https:\\\/\\\/pedrerademeia.geoparcorigens.cat\\\/ca\\\/\"},{\"@type\":\"ListItem\",\"position\":2,\"name\":\"Les primeres campanyes de Llu\u00eds Mari\u00e0 Vidal\"}]},{\"@type\":\"WebSite\",\"@id\":\"https:\\\/\\\/pedrerademeia.geoparcorigens.cat\\\/ca\\\/#website\",\"url\":\"https:\\\/\\\/pedrerademeia.geoparcorigens.cat\\\/ca\\\/\",\"name\":\"Pedrera de Meia - Geoparc Origens\",\"description\":\"Otro sitio realizado con WordPress\",\"publisher\":{\"@id\":\"https:\\\/\\\/pedrerademeia.geoparcorigens.cat\\\/ca\\\/#organization\"},\"potentialAction\":[{\"@type\":\"SearchAction\",\"target\":{\"@type\":\"EntryPoint\",\"urlTemplate\":\"https:\\\/\\\/pedrerademeia.geoparcorigens.cat\\\/ca\\\/?s={search_term_string}\"},\"query-input\":{\"@type\":\"PropertyValueSpecification\",\"valueRequired\":true,\"valueName\":\"search_term_string\"}}],\"inLanguage\":\"ca\"},{\"@type\":\"Organization\",\"@id\":\"https:\\\/\\\/pedrerademeia.geoparcorigens.cat\\\/ca\\\/#organization\",\"name\":\"Pedrera de Meia - Geoparc Origens\",\"url\":\"https:\\\/\\\/pedrerademeia.geoparcorigens.cat\\\/ca\\\/\",\"logo\":{\"@type\":\"ImageObject\",\"inLanguage\":\"ca\",\"@id\":\"https:\\\/\\\/pedrerademeia.geoparcorigens.cat\\\/ca\\\/#\\\/schema\\\/logo\\\/image\\\/\",\"url\":\"https:\\\/\\\/pedrerademeia.geoparcorigens.cat\\\/wp-content\\\/uploads\\\/cropped-cropped-geoparc_logo_marca_color_transparent.png\",\"contentUrl\":\"https:\\\/\\\/pedrerademeia.geoparcorigens.cat\\\/wp-content\\\/uploads\\\/cropped-cropped-geoparc_logo_marca_color_transparent.png\",\"width\":5197,\"height\":2011,\"caption\":\"Pedrera de Meia - Geoparc Origens\"},\"image\":{\"@id\":\"https:\\\/\\\/pedrerademeia.geoparcorigens.cat\\\/ca\\\/#\\\/schema\\\/logo\\\/image\\\/\"}}]}<\/script>\n<!-- \/ Yoast SEO plugin. -->","yoast_head_json":{"title":"Les primeres campanyes de Llu\u00eds Mari\u00e0 Vidal - Pedrera de Meia - Geoparc Origens","robots":{"index":"index","follow":"follow","max-snippet":"max-snippet:-1","max-image-preview":"max-image-preview:large","max-video-preview":"max-video-preview:-1"},"canonical":"https:\/\/pedrerademeia.geoparcorigens.cat\/ca\/historia\/les-primeres-campanyes-de-lluis-maria-vidal\/","og_locale":"ca_ES","og_type":"article","og_title":"Les primeres campanyes de Llu\u00eds Mari\u00e0 Vidal - Pedrera de Meia - Geoparc Origens","og_description":"Primera visita cient\u00edfica a la Pedrera, Soci\u00e9t\u00e9 G\u00e9ologique de France L\u2019any 1898 varis membres de la Soci\u00e9t\u00e9 G\u00e9ologique de France van fer un recorregut per la zona del Montsec. Segons Aragon\u00e9s (2019), dins de la reuni\u00f3 extraordin\u00e0ria que la Soci\u00e9t\u00e9 Geologique de France va fer a Barcelona l\u2019any 1898 es va programar un visita a [&hellip;]","og_url":"https:\/\/pedrerademeia.geoparcorigens.cat\/ca\/historia\/les-primeres-campanyes-de-lluis-maria-vidal\/","og_site_name":"Pedrera de Meia - Geoparc Origens","article_modified_time":"2022-12-12T12:57:58+00:00","twitter_card":"summary_large_image","twitter_misc":{"Temps estimat de lectura":"2 minuts"},"schema":{"@context":"https:\/\/schema.org","@graph":[{"@type":"WebPage","@id":"https:\/\/pedrerademeia.geoparcorigens.cat\/ca\/historia\/les-primeres-campanyes-de-lluis-maria-vidal\/","url":"https:\/\/pedrerademeia.geoparcorigens.cat\/ca\/historia\/les-primeres-campanyes-de-lluis-maria-vidal\/","name":"Les primeres campanyes de Llu\u00eds Mari\u00e0 Vidal - Pedrera de Meia - Geoparc Origens","isPartOf":{"@id":"https:\/\/pedrerademeia.geoparcorigens.cat\/ca\/#website"},"datePublished":"2021-02-25T15:12:02+00:00","dateModified":"2022-12-12T12:57:58+00:00","breadcrumb":{"@id":"https:\/\/pedrerademeia.geoparcorigens.cat\/ca\/historia\/les-primeres-campanyes-de-lluis-maria-vidal\/#breadcrumb"},"inLanguage":"ca","potentialAction":[{"@type":"ReadAction","target":["https:\/\/pedrerademeia.geoparcorigens.cat\/ca\/historia\/les-primeres-campanyes-de-lluis-maria-vidal\/"]}]},{"@type":"BreadcrumbList","@id":"https:\/\/pedrerademeia.geoparcorigens.cat\/ca\/historia\/les-primeres-campanyes-de-lluis-maria-vidal\/#breadcrumb","itemListElement":[{"@type":"ListItem","position":1,"name":"Portada","item":"https:\/\/pedrerademeia.geoparcorigens.cat\/ca\/"},{"@type":"ListItem","position":2,"name":"Les primeres campanyes de Llu\u00eds Mari\u00e0 Vidal"}]},{"@type":"WebSite","@id":"https:\/\/pedrerademeia.geoparcorigens.cat\/ca\/#website","url":"https:\/\/pedrerademeia.geoparcorigens.cat\/ca\/","name":"Pedrera de Meia - Geoparc Origens","description":"Otro sitio realizado con WordPress","publisher":{"@id":"https:\/\/pedrerademeia.geoparcorigens.cat\/ca\/#organization"},"potentialAction":[{"@type":"SearchAction","target":{"@type":"EntryPoint","urlTemplate":"https:\/\/pedrerademeia.geoparcorigens.cat\/ca\/?s={search_term_string}"},"query-input":{"@type":"PropertyValueSpecification","valueRequired":true,"valueName":"search_term_string"}}],"inLanguage":"ca"},{"@type":"Organization","@id":"https:\/\/pedrerademeia.geoparcorigens.cat\/ca\/#organization","name":"Pedrera de Meia - Geoparc Origens","url":"https:\/\/pedrerademeia.geoparcorigens.cat\/ca\/","logo":{"@type":"ImageObject","inLanguage":"ca","@id":"https:\/\/pedrerademeia.geoparcorigens.cat\/ca\/#\/schema\/logo\/image\/","url":"https:\/\/pedrerademeia.geoparcorigens.cat\/wp-content\/uploads\/cropped-cropped-geoparc_logo_marca_color_transparent.png","contentUrl":"https:\/\/pedrerademeia.geoparcorigens.cat\/wp-content\/uploads\/cropped-cropped-geoparc_logo_marca_color_transparent.png","width":5197,"height":2011,"caption":"Pedrera de Meia - Geoparc Origens"},"image":{"@id":"https:\/\/pedrerademeia.geoparcorigens.cat\/ca\/#\/schema\/logo\/image\/"}}]}},"_links":{"self":[{"href":"https:\/\/pedrerademeia.geoparcorigens.cat\/ca\/wp-json\/wp\/v2\/history\/393","targetHints":{"allow":["GET"]}}],"collection":[{"href":"https:\/\/pedrerademeia.geoparcorigens.cat\/ca\/wp-json\/wp\/v2\/history"}],"about":[{"href":"https:\/\/pedrerademeia.geoparcorigens.cat\/ca\/wp-json\/wp\/v2\/types\/history"}],"wp:attachment":[{"href":"https:\/\/pedrerademeia.geoparcorigens.cat\/ca\/wp-json\/wp\/v2\/media?parent=393"}],"wp:term":[{"taxonomy":"years","embeddable":true,"href":"https:\/\/pedrerademeia.geoparcorigens.cat\/ca\/wp-json\/wp\/v2\/years?post=393"}],"curies":[{"name":"wp","href":"https:\/\/api.w.org\/{rel}","templated":true}]}}