{"id":394,"date":"2021-02-25T15:13:00","date_gmt":"2021-02-25T15:13:00","guid":{"rendered":"https:\/\/pedrerademeia.geoparcorigens.cat\/?post_type=history&#038;p=394"},"modified":"2025-01-20T10:06:06","modified_gmt":"2025-01-20T10:06:06","slug":"els-estudis-cientifics-de-lluis-maria-vidal","status":"publish","type":"history","link":"https:\/\/pedrerademeia.geoparcorigens.cat\/ca\/historia\/els-estudis-cientifics-de-lluis-maria-vidal\/","title":{"rendered":"Els estudis cient\u00edfics de Llu\u00eds Mari\u00e0 Vidal"},"content":{"rendered":"\n<div class=\"wp-block-columns is-layout-flex wp-container-core-columns-is-layout-9d6595d7 wp-block-columns-is-layout-flex\">\n<div class=\"wp-block-column is-layout-flow wp-block-column-is-layout-flow\"><div class=\"wrapper-classic-paragraph\">\n<h2><em>Paleobatrachus<\/em>, l\u2019inici dels estudis cient\u00edfics de la pedrera<a id=\"paleobatrachus_inici_estudis_pedrera\"><\/a><\/h2>\n<p>La troballa de <em>Paleobatrachus gaudryi<\/em> es devia fer entre l\u2019estiu de 1900 i inicis de 1902. En Vidal va ser molt conscient de la import\u00e0ncia d\u2019aquesta pe\u00e7a, ja que en aquell moment les restes m\u00e9s antigues de granotes dataven de l\u2019Eoc\u00e8. Per aquest motiu va enviar una c\u00f2pia en guix al Dr. Gaudry. En Gaudry va confirmar les sospites d\u2019en Vidal, confirmant que es trobaven davant d\u2019un anur. No obstant aix\u00f2, i adduint falta de temps, Gaudry va declinar fer l\u2019estudi i li recoman\u00e0 que ho fes ell mateix. Gaudry li va donar consells a Vidal sobre la preparaci\u00f3 del f\u00f2ssil, li va fer comentaris sobre l\u2019anatomia i tamb\u00e9 suggeriments sobre la bibliografia a consultar. Segons G\u00f3mez y Alba (1997), si es comparen les cartes que envia Gaudry i les descripcions del treball d\u2019en Vidal \u201ccomprovarem que, majorit\u00e0riament, \u00e9s Gaudry qui parla\u201d. Seguint els consells de Gaudry, Vidal va preparar el <em>Paleobatrachus<\/em>, que es trobava trencat per una fissura. Quan el va enganxar, a m\u00e9s, va descobrir part de les extremitats posteriors i el cap. Tamb\u00e9, segons G\u00f3mez y Alba (1997) \u201cno seria estrany que, a pesar de la cura amb la que es va fer la neteja, potser es va perdre quelcom m\u00e9s que pedra\u201d. La publicaci\u00f3 d\u2019aquesta granota (Vidal 1902) va tenir un gran ress\u00f2 internacional i va resultar l\u2019inici dels estudis cient\u00edfics dels f\u00f2ssils de la Pedrera.<\/p>\n<\/div>\n\n\n<div style=\"height:40px\" aria-hidden=\"true\" class=\"wp-block-spacer\"><\/div>\n\n\n<div class=\"wrapper-classic-paragraph\">\n<h2>Els primers estudis dels peixos<a id=\"primers_estudis_peixos\"><\/a><\/h2>\n<p>Abans d\u2019emprendre l\u2019estudi de la granota, la tardor de l\u2019any 1900, Vidal va enviar algunes fotografies de peixos trobats a la pedrera a l\u2019especialista Dr. Sauvage. Aquest identific\u00e0 un <em>Microdon<\/em> i un <em>Leptolepis<\/em>, semblant als que s\u2019havien trobat a la pedrera de Solnhofen, per la qual cosa li propos\u00e0 una edat del Jur\u00e0ssic superior (Kimmeridgi\u00e0) per aquest jaciment. El mateix Sauvage va comen\u00e7ar, l\u2019any 1901, l\u2019estudi dels peixos mitjan\u00e7ant les c\u00f2pies en guix que li enviava en Vidal. Els treballs amb aquest tipus de material es feien molt dif\u00edcils i, el setembre d\u2019aquell mateix any, en Vidal li envi\u00e0 13 originals per tren a Sauvage. Posteriorment, durant l\u2019octubre i novembre, es repetirien els enviaments de peixos. A finals de novembre de 1901 Sauvage va acabar el seu treball amb la identificaci\u00f3 de dos <em>Lepidotus<\/em>, un <em>Caturus<\/em>, un <em>Microdon<\/em>, un <em>Propterus vidalii<\/em>, un <em>Leptolepis<\/em> i dos <em>Aethalion (vidali i gigas)<\/em>. Cal remarcar que els originals es varen retornar per ferrocarril l\u2019abril de 1902. Segons G\u00f3mez y Alba (1997), la lectura del treball de Sauvage a la Real Acad\u00e8mia no es va fer el 1903, com indica la data de publicaci\u00f3, sin\u00f3 el 1902 i la va fer Artur Bofill, ja que Vidal es trobava absent. Durant el per\u00edode d\u2019impressi\u00f3 de l\u2019article Vidal li va fer arribar nous exemplars, entre els que es trobaven els tipus de <em>Megalurus woodwardi, Undina leridae<\/em> i <em>Vidalia catalaunica<\/em>, a m\u00e9s d\u2019un <em>Lepidotes<\/em> i un <em>Spirangium<\/em>.<\/p>\n<\/div>\n\n\n<div style=\"height:40px\" aria-hidden=\"true\" class=\"wp-block-spacer\"><\/div>\n\n\n<div class=\"wrapper-classic-paragraph\">\n<h2>Descripci\u00f3 dels primers r\u00e8ptils<a id=\"descripcio_primers_reptils\"><\/a><\/h2>\n<p>El seg\u00fcent estudi de peixos de la Pedrera correspon a un article de Vidal de l\u2019any 1915. En aquesta publicaci\u00f3, a m\u00e9s de continuar amb l\u2019estudi dels peixos, va inaugurar el vessant herpetol\u00f2gica amb la descripci\u00f3 de dues noves esp\u00e8cies: <em>Meyasaurus faurae<\/em> i <em>Alligatorium depereti<\/em>. En aquest treballs es descriuen, tamb\u00e9, dues noves esp\u00e8cies de peixos (<em>Hybodus woodwardi<\/em> i <em>Megalurus sauvagei<\/em>).<br \/>El cas de <em>l\u2019Alligatorium<\/em> \u00e9s ben curi\u00f3s ja que \u00e9s conegut que aquesta resta estava en possessi\u00f3 d\u2019en Vidal des de l\u2019any 1902. Per l\u2019estudi d\u2019aquest r\u00e8ptil Vidal contact\u00e0 amb l\u2019especialista franc\u00e8s Dr. Dep\u00e9ret que en una primer carta, de l\u2019any 1902, li va dir a Vidal que \u201cel vostre animal Kimmeridgi\u00e0 \u00e9s un rincoc\u00e8fal molt proper a <em>Sauronodon incisivus<\/em> del Kimmeridgi\u00e0 de Cerin, amb la mateixa forma del cap, sense dents, atenuada a la part del musell: les mateixes proporcions del tronc i dels membres\u201d. Tot aix\u00f2 es despr\u00e8n de l\u2019observaci\u00f3 de la r\u00e8plica en guix de l\u2019exemplar. Per Deper\u00e9t, les \u00faniques difer\u00e8ncies entre els dos esp\u00e8cimens eren la menor mida i una cua m\u00e9s curta. Amb aquestes dades Dep\u00e9ret proposava que es trobaven davant d\u2019una nova esp\u00e8cie de <em>Sauronodon<\/em>.<\/p>\n<\/div>\n\n\n<p><\/p>\n<\/div>\n<\/div>\n\n\n \n\n<div class=\"cont--image-gallery\">\n      \n    \n    <div class=\"items--image-gallery owl-carousel\">\n        \n                  \n            \n            \n            <div class=\"item content--image-gallery-item\">\n                <div class=\"cont--image\">\n                    <img loading=\"lazy\" decoding=\"async\" width=\"784\" height=\"768\" src=\"https:\/\/pedrerademeia.geoparcorigens.cat\/wp-content\/uploads\/afceccf_26043_full.jpg\" class=\"attachment-full size-full\" alt=\"\" \/>                <\/div>\n                <div class=\"cont--text-caption\">\n                    Fotografia del Monsecosuchus (Alligatorum) depereti feta pel mateix Llu\u00eds Mari\u00e0 Vidal. afceccf_26043_full.jpg. \u00a9Arxiu Fotogr\u00e0fic Centre Excursionista de Catalunya.                <\/div>\n            <\/div>\n\n            \n        \n    <\/div>\n<\/div>\n\n<div class=\"wrapper-classic-paragraph\">\n<p>Per poder avan\u00e7ar en l\u2019estudi Vidal va separar el cap del tronc i va fer dues noves impressions, en guix, de les mand\u00edbules, a m\u00e9s de noves fotografies que enviava a inicis de 1903. Amb aquest material Vidal adjunt\u00e0 \u201csi la falta de dents \u00e9s un car\u00e0cter decisiu, us he de dir que he preparat amb molta cura la pe\u00e7a original i he vist que el maxil\u00b7lar superior disposa d\u2019unes dents molt fines, de les quals se\u2019n conserven tres, i es poden observar els alv\u00e8ols d\u2019altres dents.\u201d Curiosament, la correspond\u00e8ncia entre ambd\u00f3s cient\u00edfics va acabar el 1906 i no es fins nou anys despr\u00e9s que es publica, definitivament, aquesta nova esp\u00e8cie.<\/p>\n<\/div>","protected":false},"template":"","years":[18],"class_list":["post-394","history","type-history","status-publish","hentry","years-18"],"acf":[],"yoast_head":"<!-- This site is optimized with the Yoast SEO plugin v27.4 - https:\/\/yoast.com\/product\/yoast-seo-wordpress\/ -->\n<title>Els estudis cient\u00edfics de Llu\u00eds Mari\u00e0 Vidal - Pedrera de Meia - Geoparc Origens<\/title>\n<meta name=\"robots\" content=\"index, follow, max-snippet:-1, max-image-preview:large, max-video-preview:-1\" \/>\n<link rel=\"canonical\" href=\"https:\/\/pedrerademeia.geoparcorigens.cat\/ca\/historia\/els-estudis-cientifics-de-lluis-maria-vidal\/\" \/>\n<meta property=\"og:locale\" content=\"ca_ES\" \/>\n<meta property=\"og:type\" content=\"article\" \/>\n<meta property=\"og:title\" content=\"Els estudis cient\u00edfics de Llu\u00eds Mari\u00e0 Vidal - Pedrera de Meia - Geoparc Origens\" \/>\n<meta property=\"og:description\" content=\"Paleobatrachus, l\u2019inici dels estudis cient\u00edfics de la pedrera La troballa de Paleobatrachus gaudryi es devia fer entre l\u2019estiu de 1900 i inicis de 1902. En Vidal va ser molt conscient de la import\u00e0ncia d\u2019aquesta pe\u00e7a, ja que en aquell moment les restes m\u00e9s antigues de granotes dataven de l\u2019Eoc\u00e8. Per aquest motiu va enviar una [&hellip;]\" \/>\n<meta property=\"og:url\" content=\"https:\/\/pedrerademeia.geoparcorigens.cat\/ca\/historia\/els-estudis-cientifics-de-lluis-maria-vidal\/\" \/>\n<meta property=\"og:site_name\" content=\"Pedrera de Meia - Geoparc Origens\" \/>\n<meta property=\"article:modified_time\" content=\"2025-01-20T10:06:06+00:00\" \/>\n<meta name=\"twitter:card\" content=\"summary_large_image\" \/>\n<meta name=\"twitter:label1\" content=\"Temps estimat de lectura\" \/>\n\t<meta name=\"twitter:data1\" content=\"5 minuts\" \/>\n<script type=\"application\/ld+json\" class=\"yoast-schema-graph\">{\"@context\":\"https:\\\/\\\/schema.org\",\"@graph\":[{\"@type\":\"WebPage\",\"@id\":\"https:\\\/\\\/pedrerademeia.geoparcorigens.cat\\\/ca\\\/historia\\\/els-estudis-cientifics-de-lluis-maria-vidal\\\/\",\"url\":\"https:\\\/\\\/pedrerademeia.geoparcorigens.cat\\\/ca\\\/historia\\\/els-estudis-cientifics-de-lluis-maria-vidal\\\/\",\"name\":\"Els estudis cient\u00edfics de Llu\u00eds Mari\u00e0 Vidal - Pedrera de Meia - Geoparc Origens\",\"isPartOf\":{\"@id\":\"https:\\\/\\\/pedrerademeia.geoparcorigens.cat\\\/ca\\\/#website\"},\"datePublished\":\"2021-02-25T15:13:00+00:00\",\"dateModified\":\"2025-01-20T10:06:06+00:00\",\"breadcrumb\":{\"@id\":\"https:\\\/\\\/pedrerademeia.geoparcorigens.cat\\\/ca\\\/historia\\\/els-estudis-cientifics-de-lluis-maria-vidal\\\/#breadcrumb\"},\"inLanguage\":\"ca\",\"potentialAction\":[{\"@type\":\"ReadAction\",\"target\":[\"https:\\\/\\\/pedrerademeia.geoparcorigens.cat\\\/ca\\\/historia\\\/els-estudis-cientifics-de-lluis-maria-vidal\\\/\"]}]},{\"@type\":\"BreadcrumbList\",\"@id\":\"https:\\\/\\\/pedrerademeia.geoparcorigens.cat\\\/ca\\\/historia\\\/els-estudis-cientifics-de-lluis-maria-vidal\\\/#breadcrumb\",\"itemListElement\":[{\"@type\":\"ListItem\",\"position\":1,\"name\":\"Portada\",\"item\":\"https:\\\/\\\/pedrerademeia.geoparcorigens.cat\\\/ca\\\/\"},{\"@type\":\"ListItem\",\"position\":2,\"name\":\"Els estudis cient\u00edfics de Llu\u00eds Mari\u00e0 Vidal\"}]},{\"@type\":\"WebSite\",\"@id\":\"https:\\\/\\\/pedrerademeia.geoparcorigens.cat\\\/ca\\\/#website\",\"url\":\"https:\\\/\\\/pedrerademeia.geoparcorigens.cat\\\/ca\\\/\",\"name\":\"Pedrera de Meia - Geoparc Origens\",\"description\":\"Otro sitio realizado con WordPress\",\"publisher\":{\"@id\":\"https:\\\/\\\/pedrerademeia.geoparcorigens.cat\\\/ca\\\/#organization\"},\"potentialAction\":[{\"@type\":\"SearchAction\",\"target\":{\"@type\":\"EntryPoint\",\"urlTemplate\":\"https:\\\/\\\/pedrerademeia.geoparcorigens.cat\\\/ca\\\/?s={search_term_string}\"},\"query-input\":{\"@type\":\"PropertyValueSpecification\",\"valueRequired\":true,\"valueName\":\"search_term_string\"}}],\"inLanguage\":\"ca\"},{\"@type\":\"Organization\",\"@id\":\"https:\\\/\\\/pedrerademeia.geoparcorigens.cat\\\/ca\\\/#organization\",\"name\":\"Pedrera de Meia - Geoparc Origens\",\"url\":\"https:\\\/\\\/pedrerademeia.geoparcorigens.cat\\\/ca\\\/\",\"logo\":{\"@type\":\"ImageObject\",\"inLanguage\":\"ca\",\"@id\":\"https:\\\/\\\/pedrerademeia.geoparcorigens.cat\\\/ca\\\/#\\\/schema\\\/logo\\\/image\\\/\",\"url\":\"https:\\\/\\\/pedrerademeia.geoparcorigens.cat\\\/wp-content\\\/uploads\\\/cropped-cropped-geoparc_logo_marca_color_transparent.png\",\"contentUrl\":\"https:\\\/\\\/pedrerademeia.geoparcorigens.cat\\\/wp-content\\\/uploads\\\/cropped-cropped-geoparc_logo_marca_color_transparent.png\",\"width\":5197,\"height\":2011,\"caption\":\"Pedrera de Meia - Geoparc Origens\"},\"image\":{\"@id\":\"https:\\\/\\\/pedrerademeia.geoparcorigens.cat\\\/ca\\\/#\\\/schema\\\/logo\\\/image\\\/\"}}]}<\/script>\n<!-- \/ Yoast SEO plugin. -->","yoast_head_json":{"title":"Els estudis cient\u00edfics de Llu\u00eds Mari\u00e0 Vidal - Pedrera de Meia - Geoparc Origens","robots":{"index":"index","follow":"follow","max-snippet":"max-snippet:-1","max-image-preview":"max-image-preview:large","max-video-preview":"max-video-preview:-1"},"canonical":"https:\/\/pedrerademeia.geoparcorigens.cat\/ca\/historia\/els-estudis-cientifics-de-lluis-maria-vidal\/","og_locale":"ca_ES","og_type":"article","og_title":"Els estudis cient\u00edfics de Llu\u00eds Mari\u00e0 Vidal - Pedrera de Meia - Geoparc Origens","og_description":"Paleobatrachus, l\u2019inici dels estudis cient\u00edfics de la pedrera La troballa de Paleobatrachus gaudryi es devia fer entre l\u2019estiu de 1900 i inicis de 1902. En Vidal va ser molt conscient de la import\u00e0ncia d\u2019aquesta pe\u00e7a, ja que en aquell moment les restes m\u00e9s antigues de granotes dataven de l\u2019Eoc\u00e8. Per aquest motiu va enviar una [&hellip;]","og_url":"https:\/\/pedrerademeia.geoparcorigens.cat\/ca\/historia\/els-estudis-cientifics-de-lluis-maria-vidal\/","og_site_name":"Pedrera de Meia - Geoparc Origens","article_modified_time":"2025-01-20T10:06:06+00:00","twitter_card":"summary_large_image","twitter_misc":{"Temps estimat de lectura":"5 minuts"},"schema":{"@context":"https:\/\/schema.org","@graph":[{"@type":"WebPage","@id":"https:\/\/pedrerademeia.geoparcorigens.cat\/ca\/historia\/els-estudis-cientifics-de-lluis-maria-vidal\/","url":"https:\/\/pedrerademeia.geoparcorigens.cat\/ca\/historia\/els-estudis-cientifics-de-lluis-maria-vidal\/","name":"Els estudis cient\u00edfics de Llu\u00eds Mari\u00e0 Vidal - Pedrera de Meia - Geoparc Origens","isPartOf":{"@id":"https:\/\/pedrerademeia.geoparcorigens.cat\/ca\/#website"},"datePublished":"2021-02-25T15:13:00+00:00","dateModified":"2025-01-20T10:06:06+00:00","breadcrumb":{"@id":"https:\/\/pedrerademeia.geoparcorigens.cat\/ca\/historia\/els-estudis-cientifics-de-lluis-maria-vidal\/#breadcrumb"},"inLanguage":"ca","potentialAction":[{"@type":"ReadAction","target":["https:\/\/pedrerademeia.geoparcorigens.cat\/ca\/historia\/els-estudis-cientifics-de-lluis-maria-vidal\/"]}]},{"@type":"BreadcrumbList","@id":"https:\/\/pedrerademeia.geoparcorigens.cat\/ca\/historia\/els-estudis-cientifics-de-lluis-maria-vidal\/#breadcrumb","itemListElement":[{"@type":"ListItem","position":1,"name":"Portada","item":"https:\/\/pedrerademeia.geoparcorigens.cat\/ca\/"},{"@type":"ListItem","position":2,"name":"Els estudis cient\u00edfics de Llu\u00eds Mari\u00e0 Vidal"}]},{"@type":"WebSite","@id":"https:\/\/pedrerademeia.geoparcorigens.cat\/ca\/#website","url":"https:\/\/pedrerademeia.geoparcorigens.cat\/ca\/","name":"Pedrera de Meia - Geoparc Origens","description":"Otro sitio realizado con WordPress","publisher":{"@id":"https:\/\/pedrerademeia.geoparcorigens.cat\/ca\/#organization"},"potentialAction":[{"@type":"SearchAction","target":{"@type":"EntryPoint","urlTemplate":"https:\/\/pedrerademeia.geoparcorigens.cat\/ca\/?s={search_term_string}"},"query-input":{"@type":"PropertyValueSpecification","valueRequired":true,"valueName":"search_term_string"}}],"inLanguage":"ca"},{"@type":"Organization","@id":"https:\/\/pedrerademeia.geoparcorigens.cat\/ca\/#organization","name":"Pedrera de Meia - Geoparc Origens","url":"https:\/\/pedrerademeia.geoparcorigens.cat\/ca\/","logo":{"@type":"ImageObject","inLanguage":"ca","@id":"https:\/\/pedrerademeia.geoparcorigens.cat\/ca\/#\/schema\/logo\/image\/","url":"https:\/\/pedrerademeia.geoparcorigens.cat\/wp-content\/uploads\/cropped-cropped-geoparc_logo_marca_color_transparent.png","contentUrl":"https:\/\/pedrerademeia.geoparcorigens.cat\/wp-content\/uploads\/cropped-cropped-geoparc_logo_marca_color_transparent.png","width":5197,"height":2011,"caption":"Pedrera de Meia - Geoparc Origens"},"image":{"@id":"https:\/\/pedrerademeia.geoparcorigens.cat\/ca\/#\/schema\/logo\/image\/"}}]}},"_links":{"self":[{"href":"https:\/\/pedrerademeia.geoparcorigens.cat\/ca\/wp-json\/wp\/v2\/history\/394","targetHints":{"allow":["GET"]}}],"collection":[{"href":"https:\/\/pedrerademeia.geoparcorigens.cat\/ca\/wp-json\/wp\/v2\/history"}],"about":[{"href":"https:\/\/pedrerademeia.geoparcorigens.cat\/ca\/wp-json\/wp\/v2\/types\/history"}],"wp:attachment":[{"href":"https:\/\/pedrerademeia.geoparcorigens.cat\/ca\/wp-json\/wp\/v2\/media?parent=394"}],"wp:term":[{"taxonomy":"years","embeddable":true,"href":"https:\/\/pedrerademeia.geoparcorigens.cat\/ca\/wp-json\/wp\/v2\/years?post=394"}],"curies":[{"name":"wp","href":"https:\/\/api.w.org\/{rel}","templated":true}]}}