{"id":397,"date":"2021-02-25T15:17:58","date_gmt":"2021-02-25T15:17:58","guid":{"rendered":"https:\/\/pedrerademeia.geoparcorigens.cat\/?post_type=history&#038;p=397"},"modified":"2025-01-20T10:49:53","modified_gmt":"2025-01-20T10:49:53","slug":"les-campanyes-del-museu-dhistoria-natural-de-paris","status":"publish","type":"history","link":"https:\/\/pedrerademeia.geoparcorigens.cat\/ca\/historia\/les-campanyes-del-museu-dhistoria-natural-de-paris\/","title":{"rendered":"Les campanyes del Museu d\u2019Hist\u00f2ria Natural de Paris"},"content":{"rendered":"\n<div class=\"wp-block-columns is-layout-flex wp-container-core-columns-is-layout-9d6595d7 wp-block-columns-is-layout-flex\">\n<div class=\"wp-block-column is-layout-flow wp-block-column-is-layout-flow\"><div class=\"wrapper-classic-paragraph\">\n<h2>La connexi\u00f3 Crusafont un altre cop<a id=\"connexio_crusafont_altre_cop\"><\/a><\/h2>\n<p>Han passat 10 anys des del primer contacte del Dr. Wonnacott amb el Dr. Crusafont, i ara aquest ja ha estat nomenat catedr\u00e0tic a la Universitat d\u2019Oviedo i a la Universitat de Barcelona. La seva rellev\u00e0ncia dins del m\u00f3n de la paleontologia en particular i de la ci\u00e8ncia en general augmenta, any rere any, i ja t\u00e9 en ment la creaci\u00f3 del nou Institut de Paleontologia.<\/p>\n<p>Crusafont \u00e9s un bon cient\u00edfic per\u00f2 alhora tamb\u00e9 vol ampliar la col\u00b7lecci\u00f3 que en aquells moments descansava i s\u2019exposava al Museu d\u2019Hist\u00f2ria de la Ciutat. Per obtenir el m\u00e0xim nombre de f\u00f2ssils era cabdal tenir el control sobre les campanyes d\u2019excavaci\u00f3 tot i no tenir cap responsabilitat oficial en el control d\u2019excavacions i, menys encara, en el lliurament de permisos d\u2019excavaci\u00f3, gaireb\u00e9 tothom demanava perm\u00eds al Dr. Crusafont. I fou el que va fer l\u2019any 1964, Sylvie Wenz, una estudiant de l\u2019Institut de Paleontologia del Museu Nacional d\u2019Hist\u00f2ria Natural de Par\u00eds. De ben segur que els seus caps li van dir que s\u2019adrec\u00e9s primer al Dr. Crusafont quan va decidir reprendre les excavacions del jaciment on havia treballat Vidal o Wonnaccott.<\/p>\n<\/div>\n\n\n<div style=\"height:40px\" aria-hidden=\"true\" class=\"wp-block-spacer\"><\/div>\n\n\n<div class=\"wrapper-classic-paragraph\">\n<h2>Preparant la primera campanya d\u2019excavacions<a id=\"preparant_primera_campanya_excavacions\"><\/a><\/h2>\n<p>La primera excavaci\u00f3 de Sylvie Wenz es va comen\u00e7ar a preparar epistol\u00e0riament en les cartes i permisos que ella deman\u00e0 a Crusafont. En una primera misiva del 5 d\u2019agost de 1964 (document 6396, Arxiu Crusafont\/ICP), ella li diu, ja de sortida, que t\u00e9 clar que el Dr. Crusafont t\u00e9 absoluta prioritat sobre qualsevol pe\u00e7a que pugui trobar i que si es troben nous tipus de peixos f\u00f2ssils aquests es quedaran a Barcelona. No obstant aix\u00f2, no li pot assegurar que pugui iniciar els treballs ja que en aquell moment t\u00e9 greus problemes financers perqu\u00e8 el director del Centre National de la Recherche Scientifique, el Sr. Lehman, havia disminu\u00eft m\u00e9s d\u2019un 60% els recursos ja concedits. Sense saber si el finan\u00e7ament per les excavacions es mantindria, Wenz avan\u00e7a a Crusafont que, si es porta a terme la campanya d\u2019aquell any, aquesta ser\u00e0 de reconeixement del terreny i amb una durada m\u00e0xima de 15 dies. En tal cas, compta en arribar a Barcelona el dia 1 de setembre per trobar-se amb l\u2019estudiant de Crusafont i els costos de l\u2019allotjament i el viatge aniran a c\u00e0rrec del museu franc\u00e8s.Finalment, dues setmanes m\u00e9s tard, el Sr. Lehman va donar el vist-i-plau l pla d\u2019activitats previstes (carta del 24 d\u2019agost; document 6406, Arxiu Crusafont\/ICP).<\/p>\n<\/div>\n\n<div class=\"wrapper-classic-paragraph\">\n<p>Un cop acabada aquella primera campanya de 1964, Sylvie Wenz fa des de Par\u00eds un resum dels f\u00f2ssils recuperats (carta del 29 de setembre de 1964; document 6424, Arxiu Crusafont\/ICP). Explica que la campanya d\u2019aquell any va tenir una durada efectiva d\u2019excavaci\u00f3 de 15 dies, en la qual no es va utilitzar dinamita, sin\u00f3 que van aprofitar part dels abundants blocs ja despresos. Tamb\u00e9 l\u2019informa que han trobat una vintena de Leptolepis, la major part contenint motlle i contramotlle, algun d\u2019ells ben conservats. Els altres g\u00e8neres de peixos nom\u00e9s estan representats per un sol exemplar cadascun. Llista la pres\u00e8ncia de <em>Mesodon<\/em>, <em>Propterus<\/em>, <em>Notagogus<\/em> i, probablement <em>Aetlalion<\/em>, <em>Ophiopsis<\/em> i <em>Caturus<\/em>. Remarca que no han trobat cap granota, ni r\u00e8ptils, ni mam\u00edfers per\u00f2 s\u00ed que han trobat crustacis, i 3 o 4 insectes. Tamb\u00e9 agraeix a l\u2019estudiant que va anar amb ells al jaciment i que va participar activament en l\u2019excavaci\u00f3. Com a nota curiosa, Wenz li demana a Crusafont si el seu estudiant ja li ha dit que al jaciment van trobar un estudiant alemany de la Universitat de Berlin i dos assistents de la mateixa universitat.<\/p>\n<\/div>\n\n \n\n<div class=\"cont--image-gallery\">\n      \n    \n    <div class=\"items--image-gallery owl-carousel\">\n        \n                  \n            \n            \n            <div class=\"item content--image-gallery-item\">\n                <div class=\"cont--image\">\n                    <img loading=\"lazy\" decoding=\"async\" width=\"1823\" height=\"2560\" src=\"https:\/\/pedrerademeia.geoparcorigens.cat\/wp-content\/uploads\/wenz-a-crusafont-19641-scaled.jpg\" class=\"attachment-full size-full\" alt=\"Primera carta de Sylvie Wenz a Crusafont, en data 5 d\u2019agost de 1964. \u00a9Arxiu Miquel Crusafont\/ICP\" srcset=\"https:\/\/pedrerademeia.geoparcorigens.cat\/wp-content\/uploads\/wenz-a-crusafont-19641-scaled.jpg 1823w, https:\/\/pedrerademeia.geoparcorigens.cat\/wp-content\/uploads\/wenz-a-crusafont-19641-scaled-1094x1536.jpg 1094w, https:\/\/pedrerademeia.geoparcorigens.cat\/wp-content\/uploads\/wenz-a-crusafont-19641-scaled-1458x2048.jpg 1458w\" sizes=\"auto, (max-width: 1823px) 100vw, 1823px\" \/>                <\/div>\n                <div class=\"cont--text-caption\">\n                    Primera carta de Sylvie Wenz a Crusafont, en data 5 d\u2019agost de 1964. \u00a9Arxiu Miquel Crusafont\/ICP                <\/div>\n            <\/div>\n\n            \n            <div class=\"item content--image-gallery-item\">\n                <div class=\"cont--image\">\n                    <img loading=\"lazy\" decoding=\"async\" width=\"1823\" height=\"2560\" src=\"https:\/\/pedrerademeia.geoparcorigens.cat\/wp-content\/uploads\/wenz-a-crusafont-19642-scaled.jpg\" class=\"attachment-full size-full\" alt=\"\" srcset=\"https:\/\/pedrerademeia.geoparcorigens.cat\/wp-content\/uploads\/wenz-a-crusafont-19642-scaled.jpg 1823w, https:\/\/pedrerademeia.geoparcorigens.cat\/wp-content\/uploads\/wenz-a-crusafont-19642-scaled-1094x1536.jpg 1094w, https:\/\/pedrerademeia.geoparcorigens.cat\/wp-content\/uploads\/wenz-a-crusafont-19642-scaled-1458x2048.jpg 1458w\" sizes=\"auto, (max-width: 1823px) 100vw, 1823px\" \/>                <\/div>\n                <div class=\"cont--text-caption\">\n                    Primera carta de Sylvie Wenz a Crusafont, en data 5 d\u2019agost de 1964. \u00a9Arxiu Miquel Crusafont\/ICP                <\/div>\n            <\/div>\n\n            \n        \n    <\/div>\n<\/div>\n\n\n<div style=\"height:40px\" aria-hidden=\"true\" class=\"wp-block-spacer\"><\/div>\n\n\n<div class=\"wrapper-classic-paragraph\">\n<h2>Segona campanya, 1965<a id=\"segona_campanya_1965\"><\/a><\/h2>\n<p>El 30 de juliol de 1965 (document 6867, Arxiu Crusafont\/ICP), Wenz demana a Crusafont una nova autoritzaci\u00f3 per fer una campanya d\u2019excavacions a principis de setembre. Tamb\u00e9 li demana si li pot proporcionar un altre estudiant per treballar al jaciment. La previsi\u00f3 d\u2019inici de les excavacions les situa a principis de setembre.<\/p>\n<\/div>\n\n\n<div style=\"height:40px\" aria-hidden=\"true\" class=\"wp-block-spacer\"><\/div>\n\n\n<div class=\"wrapper-classic-paragraph\">\n<h2>Tercera campanya, 1967<\/h2>\n<p>El 20 de juny de 1967 (document 7061, Arxiu Crusafont\/ICP), Wenz escriu a Crusafont per comunicar-li una nova campanya d\u2019excavacions. Wenz li comenta que enguany estant a l\u2019espera de la tornada de Monsieur Barrat, que en aquells moments es trobava a Eti\u00f2pia amb els Drs. Arambourg i Coppens. Per tot plegat, sembla que l\u2019inici de campanya es retardaria fins el 15-18 de setembre, la qual cosa implicaria una campanya curta, de 15 dies comptant amb els trajectes i la instal\u00b7laci\u00f3 del campament. A m\u00e9s de la participaci\u00f3 del Sr. Barrat, tamb\u00e9 est\u00e0 prevista la participaci\u00f3 de mademoiselle Janot i dos estudiants de paleontologia. Tamb\u00e9 li comenta que, com els altres anys, espera que se\u2019ls pugui unir un estudiant seu ja que, durant les campanyes precedents ha sigut de gran ajuda i que durant l\u2019hivern ha comen\u00e7at a preparar les peces de la campanya anterior, un treball molt lent per la duresa del sediment i la fragilitat dels esp\u00e8cimens. Pel que va veient, els resultats s\u00f3n molt encoratjadors, ja que es tracta de formes poc conegudes que fan que el treball sigui m\u00e9s interessant.<\/p>\n<p>Sembla que Crusafont es queix\u00e0 del silenci de Wenz despr\u00e9s de la campanya de 1967, i ella li respongu\u00e9 per carta tots els detalls de les troballes. A la carta li explic\u00e0 que la campanya anterior es va desenvolupar sense incidents per\u00f2 sense troballes extraordin\u00e0ries (carta de 18 de gener de 1968; document 7181, Arxiu Crusafont\/ICP). Deixant de banda fragments de vegetals, larves, insectes i crustacis, la major part de peixos trobats corresponen a Leptolepis i algunes mostres de <em>Pleuropholis<\/em>. La troballa d\u2019aquests darrers permet afirmar finalment la pres\u00e8ncia d\u2019aquest g\u00e8nere al jaciment. Li explic\u00e0 la troballa del cap d\u2019una granota (sense l\u2019esquelet axial) i en molt mal estat de conservaci\u00f3. <br \/>De resultes d\u2019aquelles campanyes Wenz havia preparat una nota preliminar sobre la fauna ictiol\u00f2gica del Montsec onpresentava dues esp\u00e8cies noves, les quals, si no hi havia cap inconvenient per part de Crusafont, dipositaria al Museu de Sabadell.<\/p>\n<\/div>\n\n \n\n<div class=\"cont--image-gallery\">\n      \n    \n    <div class=\"items--image-gallery owl-carousel\">\n        \n                  \n            \n            \n            <div class=\"item content--image-gallery-item\">\n                <div class=\"cont--image\">\n                    <img loading=\"lazy\" decoding=\"async\" width=\"1823\" height=\"2560\" src=\"https:\/\/pedrerademeia.geoparcorigens.cat\/wp-content\/uploads\/Wenz-a-crusafont-1967-1-scaled.jpg\" class=\"attachment-full size-full\" alt=\"Carta de Sylvie Wenz a Crusafont, en data 20 de juny de 1967. \u00a9Arxiu Miquel Crusafont\/ICP.\" srcset=\"https:\/\/pedrerademeia.geoparcorigens.cat\/wp-content\/uploads\/Wenz-a-crusafont-1967-1-scaled.jpg 1823w, https:\/\/pedrerademeia.geoparcorigens.cat\/wp-content\/uploads\/Wenz-a-crusafont-1967-1-scaled-1094x1536.jpg 1094w, https:\/\/pedrerademeia.geoparcorigens.cat\/wp-content\/uploads\/Wenz-a-crusafont-1967-1-scaled-1458x2048.jpg 1458w\" sizes=\"auto, (max-width: 1823px) 100vw, 1823px\" \/>                <\/div>\n                <div class=\"cont--text-caption\">\n                    Carta de Sylvie Wenz a Crusafont, en data 20 de juny de 1967. \u00a9Arxiu Miquel Crusafont\/ICP.                <\/div>\n            <\/div>\n\n            \n            <div class=\"item content--image-gallery-item\">\n                <div class=\"cont--image\">\n                    <img loading=\"lazy\" decoding=\"async\" width=\"1823\" height=\"2560\" src=\"https:\/\/pedrerademeia.geoparcorigens.cat\/wp-content\/uploads\/Wenz-a-crusafont-1967-2-scaled.jpg\" class=\"attachment-full size-full\" alt=\"\" srcset=\"https:\/\/pedrerademeia.geoparcorigens.cat\/wp-content\/uploads\/Wenz-a-crusafont-1967-2-scaled.jpg 1823w, https:\/\/pedrerademeia.geoparcorigens.cat\/wp-content\/uploads\/Wenz-a-crusafont-1967-2-scaled-1094x1536.jpg 1094w, https:\/\/pedrerademeia.geoparcorigens.cat\/wp-content\/uploads\/Wenz-a-crusafont-1967-2-scaled-1458x2048.jpg 1458w\" sizes=\"auto, (max-width: 1823px) 100vw, 1823px\" \/>                <\/div>\n                <div class=\"cont--text-caption\">\n                    Carta de Sylvie Wenz a Crusafont, en data 20 de juny de 1967. \u00a9Arxiu Miquel Crusafont\/ICP.                <\/div>\n            <\/div>\n\n            \n        \n    <\/div>\n<\/div>\n\n\n<div style=\"height:40px\" aria-hidden=\"true\" class=\"wp-block-spacer\"><\/div>\n\n\n<div class=\"wrapper-classic-paragraph\">\n<h2>Quarta campanya, 1969<a id=\"quarta_campanya_1969\"><\/a><\/h2>\n<p>L\u2019any 1968 no hi va haver campanya a la Pedrera i a la carta del 8 maig de 1969 (document 7404, Arxiu Crusafont\/ICP), Wenz comenta que despr\u00e9s de l\u2019aturada de l\u2019any anterior, t\u00e9 previst, sempre que trobi el finan\u00e7ament adequat, tornar a fer una campanya d\u2019excavaci\u00f3 de 15 dies entre el 20 d\u2019agost i el 10 de juliol d\u2019aquell mateix any. Compta amb Mns. Heyler i la seva esposa, i per aix\u00f2 li demana l\u2019autoritzaci\u00f3 necess\u00e0ria.<\/p>\n<p>Un mes despr\u00e9s (document 7416, Arxiu Crusafont\/ICP), Wenz li comenta a Crusafont que fa uns anys va anar a veure la col\u00b7lecci\u00f3 de peixos del Montsec dipositada al Museu Martorell de Barcelona (actual Museu de Ci\u00e8ncies Naturals de Barcelona) i que acaba de tornar de Londres per veure els esp\u00e8cimens de les campanyes de Wonnacott. Sembla que el museu de Londres li presta la mostra de peixos per continuar els estudis a Par\u00eds per\u00f2 ella est\u00e0 molt interessada tamb\u00e9 en els esp\u00e8cimens de <em>Vidalmia<\/em>. Per aix\u00f2 li demana a Crusafont si li pot intercedir en el pr\u00e9stec dels exemplars de <em>Vidalmia<\/em> del Museu Martorell, sota responsabilitat del professor Maximino San Miguel de la C\u00e1mara. Crusafont, per\u00f2, li respon que no t\u00e9 bona relaci\u00f3 amb el Professor San Miguel , amb el qual compareixen secci\u00f3 a la Universitat de Barcelona, ili recomana que faci ella mateixa la consulta al Museu Martorell.<\/p>\n<p>Acabada la campanya de 1969, Wenz comenta que, malgrat algun problema de pluja (carta del 3 d\u2019octubre de 1969, document 7446, Arxiu Crusafont\/ICP) els treballs van permetre recollir el lot habitual de plantes i larves, aix\u00ed com algunes restes m\u00e9s o menys fragment\u00e0ries d\u2019insectes i crustacis. Pel que fa als peixos, van trobar nombrosos <em>Leptolepis<\/em> i algunes formes d\u2019<em>Anaethalion<\/em>, picnodonts i amiiformes. Tamb\u00e9 van trobar dues granotes i un fragment de r\u00e8ptil.<\/p>\n<\/div>\n\n \n\n<div class=\"cont--image-gallery\">\n      \n    \n    <div class=\"items--image-gallery owl-carousel\">\n        \n                  \n            \n            \n            <div class=\"item content--image-gallery-item\">\n                <div class=\"cont--image\">\n                    <img loading=\"lazy\" decoding=\"async\" width=\"1920\" height=\"2431\" src=\"https:\/\/pedrerademeia.geoparcorigens.cat\/wp-content\/uploads\/Wenz-a-crusafont-1969.jpg\" class=\"attachment-full size-full\" alt=\"Carta de Sylvie Wenz a Crusafont, en data 3 d\u2019octubre de 1969. \u00a9Arxiu Miquel Crusafont\/ICP.\" srcset=\"https:\/\/pedrerademeia.geoparcorigens.cat\/wp-content\/uploads\/Wenz-a-crusafont-1969.jpg 1920w, https:\/\/pedrerademeia.geoparcorigens.cat\/wp-content\/uploads\/Wenz-a-crusafont-1969-1213x1536.jpg 1213w, https:\/\/pedrerademeia.geoparcorigens.cat\/wp-content\/uploads\/Wenz-a-crusafont-1969-1618x2048.jpg 1618w\" sizes=\"auto, (max-width: 1920px) 100vw, 1920px\" \/>                <\/div>\n                <div class=\"cont--text-caption\">\n                    Carta de Sylvie Wenz a Crusafont, en data 3 d\u2019octubre de 1969. \u00a9Arxiu Miquel Crusafont\/ICP.                <\/div>\n            <\/div>\n\n            \n        \n    <\/div>\n<\/div>\n\n\n<div style=\"height:40px\" aria-hidden=\"true\" class=\"wp-block-spacer\"><\/div>\n\n\n<div class=\"wrapper-classic-paragraph\">\n<h2>Darreres campanyes<a id=\"darreres_campamyes\"><\/a><\/h2>\n<p>A principis de maig de 1970 Sylvie Wenz visit\u00e0 el Museu de Paleontologia de Sabadell i el Museu Martorell per veure els peixos de Mei\u00e0, fet que li va permetre acabar l\u2019estudi d\u2019un g\u00e8nere i recollir observacions per continuar els seus estudis. De tornada a Par\u00eds agraeix l\u2019amabilitat de Crusafont (13 de maig de 1970; document 7585, Arxiu Crusafont\/ICP). El 1972 Wenz envi\u00e0 a Crusafont un resum de les troballes, com cada any que hi havia excavaci\u00f3 (carta de 24 d\u2019octubre de 1972; document 7878, Arxiu Crusafont\/ICP). En aquell any es va dur a terme una excavaci\u00f3 redu\u00efda amb un equip de 4 persones durant 15 dies, en els quals la meteorologia va ser dolenta, fet que va afectar els resultats. Afirma que no van trobar res d\u2019especial: les plantes habituals, crustacis, fragments d\u2019insectes, larves i un bonic peix <em>Microdon<\/em>.<\/p>\n<\/div><\/div>\n<\/div>\n","protected":false},"template":"","years":[21],"class_list":["post-397","history","type-history","status-publish","hentry","years-21"],"acf":[],"yoast_head":"<!-- This site is optimized with the Yoast SEO plugin v27.4 - https:\/\/yoast.com\/product\/yoast-seo-wordpress\/ -->\n<title>Les campanyes del Museu d\u2019Hist\u00f2ria Natural de Paris - Pedrera de Meia - Geoparc Origens<\/title>\n<meta name=\"robots\" content=\"index, follow, max-snippet:-1, max-image-preview:large, max-video-preview:-1\" \/>\n<link rel=\"canonical\" href=\"https:\/\/pedrerademeia.geoparcorigens.cat\/ca\/historia\/les-campanyes-del-museu-dhistoria-natural-de-paris\/\" \/>\n<meta property=\"og:locale\" content=\"ca_ES\" \/>\n<meta property=\"og:type\" content=\"article\" \/>\n<meta property=\"og:title\" content=\"Les campanyes del Museu d\u2019Hist\u00f2ria Natural de Paris - Pedrera de Meia - Geoparc Origens\" \/>\n<meta property=\"og:description\" content=\"La connexi\u00f3 Crusafont un altre cop Han passat 10 anys des del primer contacte del Dr. Wonnacott amb el Dr. Crusafont, i ara aquest ja ha estat nomenat catedr\u00e0tic a la Universitat d\u2019Oviedo i a la Universitat de Barcelona. La seva rellev\u00e0ncia dins del m\u00f3n de la paleontologia en particular i de la ci\u00e8ncia en [&hellip;]\" \/>\n<meta property=\"og:url\" content=\"https:\/\/pedrerademeia.geoparcorigens.cat\/ca\/historia\/les-campanyes-del-museu-dhistoria-natural-de-paris\/\" \/>\n<meta property=\"og:site_name\" content=\"Pedrera de Meia - Geoparc Origens\" \/>\n<meta property=\"article:modified_time\" content=\"2025-01-20T10:49:53+00:00\" \/>\n<meta name=\"twitter:card\" content=\"summary_large_image\" \/>\n<meta name=\"twitter:label1\" content=\"Temps estimat de lectura\" \/>\n\t<meta name=\"twitter:data1\" content=\"8 minuts\" \/>\n<script type=\"application\/ld+json\" class=\"yoast-schema-graph\">{\"@context\":\"https:\\\/\\\/schema.org\",\"@graph\":[{\"@type\":\"WebPage\",\"@id\":\"https:\\\/\\\/pedrerademeia.geoparcorigens.cat\\\/ca\\\/historia\\\/les-campanyes-del-museu-dhistoria-natural-de-paris\\\/\",\"url\":\"https:\\\/\\\/pedrerademeia.geoparcorigens.cat\\\/ca\\\/historia\\\/les-campanyes-del-museu-dhistoria-natural-de-paris\\\/\",\"name\":\"Les campanyes del Museu d\u2019Hist\u00f2ria Natural de Paris - Pedrera de Meia - Geoparc Origens\",\"isPartOf\":{\"@id\":\"https:\\\/\\\/pedrerademeia.geoparcorigens.cat\\\/ca\\\/#website\"},\"datePublished\":\"2021-02-25T15:17:58+00:00\",\"dateModified\":\"2025-01-20T10:49:53+00:00\",\"breadcrumb\":{\"@id\":\"https:\\\/\\\/pedrerademeia.geoparcorigens.cat\\\/ca\\\/historia\\\/les-campanyes-del-museu-dhistoria-natural-de-paris\\\/#breadcrumb\"},\"inLanguage\":\"ca\",\"potentialAction\":[{\"@type\":\"ReadAction\",\"target\":[\"https:\\\/\\\/pedrerademeia.geoparcorigens.cat\\\/ca\\\/historia\\\/les-campanyes-del-museu-dhistoria-natural-de-paris\\\/\"]}]},{\"@type\":\"BreadcrumbList\",\"@id\":\"https:\\\/\\\/pedrerademeia.geoparcorigens.cat\\\/ca\\\/historia\\\/les-campanyes-del-museu-dhistoria-natural-de-paris\\\/#breadcrumb\",\"itemListElement\":[{\"@type\":\"ListItem\",\"position\":1,\"name\":\"Portada\",\"item\":\"https:\\\/\\\/pedrerademeia.geoparcorigens.cat\\\/ca\\\/\"},{\"@type\":\"ListItem\",\"position\":2,\"name\":\"Les campanyes del Museu d\u2019Hist\u00f2ria Natural de Paris\"}]},{\"@type\":\"WebSite\",\"@id\":\"https:\\\/\\\/pedrerademeia.geoparcorigens.cat\\\/ca\\\/#website\",\"url\":\"https:\\\/\\\/pedrerademeia.geoparcorigens.cat\\\/ca\\\/\",\"name\":\"Pedrera de Meia - Geoparc Origens\",\"description\":\"Otro sitio realizado con WordPress\",\"publisher\":{\"@id\":\"https:\\\/\\\/pedrerademeia.geoparcorigens.cat\\\/ca\\\/#organization\"},\"potentialAction\":[{\"@type\":\"SearchAction\",\"target\":{\"@type\":\"EntryPoint\",\"urlTemplate\":\"https:\\\/\\\/pedrerademeia.geoparcorigens.cat\\\/ca\\\/?s={search_term_string}\"},\"query-input\":{\"@type\":\"PropertyValueSpecification\",\"valueRequired\":true,\"valueName\":\"search_term_string\"}}],\"inLanguage\":\"ca\"},{\"@type\":\"Organization\",\"@id\":\"https:\\\/\\\/pedrerademeia.geoparcorigens.cat\\\/ca\\\/#organization\",\"name\":\"Pedrera de Meia - Geoparc Origens\",\"url\":\"https:\\\/\\\/pedrerademeia.geoparcorigens.cat\\\/ca\\\/\",\"logo\":{\"@type\":\"ImageObject\",\"inLanguage\":\"ca\",\"@id\":\"https:\\\/\\\/pedrerademeia.geoparcorigens.cat\\\/ca\\\/#\\\/schema\\\/logo\\\/image\\\/\",\"url\":\"https:\\\/\\\/pedrerademeia.geoparcorigens.cat\\\/wp-content\\\/uploads\\\/cropped-cropped-geoparc_logo_marca_color_transparent.png\",\"contentUrl\":\"https:\\\/\\\/pedrerademeia.geoparcorigens.cat\\\/wp-content\\\/uploads\\\/cropped-cropped-geoparc_logo_marca_color_transparent.png\",\"width\":5197,\"height\":2011,\"caption\":\"Pedrera de Meia - Geoparc Origens\"},\"image\":{\"@id\":\"https:\\\/\\\/pedrerademeia.geoparcorigens.cat\\\/ca\\\/#\\\/schema\\\/logo\\\/image\\\/\"}}]}<\/script>\n<!-- \/ Yoast SEO plugin. -->","yoast_head_json":{"title":"Les campanyes del Museu d\u2019Hist\u00f2ria Natural de Paris - Pedrera de Meia - Geoparc Origens","robots":{"index":"index","follow":"follow","max-snippet":"max-snippet:-1","max-image-preview":"max-image-preview:large","max-video-preview":"max-video-preview:-1"},"canonical":"https:\/\/pedrerademeia.geoparcorigens.cat\/ca\/historia\/les-campanyes-del-museu-dhistoria-natural-de-paris\/","og_locale":"ca_ES","og_type":"article","og_title":"Les campanyes del Museu d\u2019Hist\u00f2ria Natural de Paris - Pedrera de Meia - Geoparc Origens","og_description":"La connexi\u00f3 Crusafont un altre cop Han passat 10 anys des del primer contacte del Dr. Wonnacott amb el Dr. Crusafont, i ara aquest ja ha estat nomenat catedr\u00e0tic a la Universitat d\u2019Oviedo i a la Universitat de Barcelona. La seva rellev\u00e0ncia dins del m\u00f3n de la paleontologia en particular i de la ci\u00e8ncia en [&hellip;]","og_url":"https:\/\/pedrerademeia.geoparcorigens.cat\/ca\/historia\/les-campanyes-del-museu-dhistoria-natural-de-paris\/","og_site_name":"Pedrera de Meia - Geoparc Origens","article_modified_time":"2025-01-20T10:49:53+00:00","twitter_card":"summary_large_image","twitter_misc":{"Temps estimat de lectura":"8 minuts"},"schema":{"@context":"https:\/\/schema.org","@graph":[{"@type":"WebPage","@id":"https:\/\/pedrerademeia.geoparcorigens.cat\/ca\/historia\/les-campanyes-del-museu-dhistoria-natural-de-paris\/","url":"https:\/\/pedrerademeia.geoparcorigens.cat\/ca\/historia\/les-campanyes-del-museu-dhistoria-natural-de-paris\/","name":"Les campanyes del Museu d\u2019Hist\u00f2ria Natural de Paris - Pedrera de Meia - Geoparc Origens","isPartOf":{"@id":"https:\/\/pedrerademeia.geoparcorigens.cat\/ca\/#website"},"datePublished":"2021-02-25T15:17:58+00:00","dateModified":"2025-01-20T10:49:53+00:00","breadcrumb":{"@id":"https:\/\/pedrerademeia.geoparcorigens.cat\/ca\/historia\/les-campanyes-del-museu-dhistoria-natural-de-paris\/#breadcrumb"},"inLanguage":"ca","potentialAction":[{"@type":"ReadAction","target":["https:\/\/pedrerademeia.geoparcorigens.cat\/ca\/historia\/les-campanyes-del-museu-dhistoria-natural-de-paris\/"]}]},{"@type":"BreadcrumbList","@id":"https:\/\/pedrerademeia.geoparcorigens.cat\/ca\/historia\/les-campanyes-del-museu-dhistoria-natural-de-paris\/#breadcrumb","itemListElement":[{"@type":"ListItem","position":1,"name":"Portada","item":"https:\/\/pedrerademeia.geoparcorigens.cat\/ca\/"},{"@type":"ListItem","position":2,"name":"Les campanyes del Museu d\u2019Hist\u00f2ria Natural de Paris"}]},{"@type":"WebSite","@id":"https:\/\/pedrerademeia.geoparcorigens.cat\/ca\/#website","url":"https:\/\/pedrerademeia.geoparcorigens.cat\/ca\/","name":"Pedrera de Meia - Geoparc Origens","description":"Otro sitio realizado con WordPress","publisher":{"@id":"https:\/\/pedrerademeia.geoparcorigens.cat\/ca\/#organization"},"potentialAction":[{"@type":"SearchAction","target":{"@type":"EntryPoint","urlTemplate":"https:\/\/pedrerademeia.geoparcorigens.cat\/ca\/?s={search_term_string}"},"query-input":{"@type":"PropertyValueSpecification","valueRequired":true,"valueName":"search_term_string"}}],"inLanguage":"ca"},{"@type":"Organization","@id":"https:\/\/pedrerademeia.geoparcorigens.cat\/ca\/#organization","name":"Pedrera de Meia - Geoparc Origens","url":"https:\/\/pedrerademeia.geoparcorigens.cat\/ca\/","logo":{"@type":"ImageObject","inLanguage":"ca","@id":"https:\/\/pedrerademeia.geoparcorigens.cat\/ca\/#\/schema\/logo\/image\/","url":"https:\/\/pedrerademeia.geoparcorigens.cat\/wp-content\/uploads\/cropped-cropped-geoparc_logo_marca_color_transparent.png","contentUrl":"https:\/\/pedrerademeia.geoparcorigens.cat\/wp-content\/uploads\/cropped-cropped-geoparc_logo_marca_color_transparent.png","width":5197,"height":2011,"caption":"Pedrera de Meia - Geoparc Origens"},"image":{"@id":"https:\/\/pedrerademeia.geoparcorigens.cat\/ca\/#\/schema\/logo\/image\/"}}]}},"_links":{"self":[{"href":"https:\/\/pedrerademeia.geoparcorigens.cat\/ca\/wp-json\/wp\/v2\/history\/397","targetHints":{"allow":["GET"]}}],"collection":[{"href":"https:\/\/pedrerademeia.geoparcorigens.cat\/ca\/wp-json\/wp\/v2\/history"}],"about":[{"href":"https:\/\/pedrerademeia.geoparcorigens.cat\/ca\/wp-json\/wp\/v2\/types\/history"}],"wp:attachment":[{"href":"https:\/\/pedrerademeia.geoparcorigens.cat\/ca\/wp-json\/wp\/v2\/media?parent=397"}],"wp:term":[{"taxonomy":"years","embeddable":true,"href":"https:\/\/pedrerademeia.geoparcorigens.cat\/ca\/wp-json\/wp\/v2\/years?post=397"}],"curies":[{"name":"wp","href":"https:\/\/api.w.org\/{rel}","templated":true}]}}