{"id":399,"date":"2021-02-25T15:19:00","date_gmt":"2021-02-25T15:19:00","guid":{"rendered":"https:\/\/pedrerademeia.geoparcorigens.cat\/?post_type=history&#038;p=399"},"modified":"2025-01-20T10:13:01","modified_gmt":"2025-01-20T10:13:01","slug":"les-campanyes-de-linstitut-destudis-ilerdencs","status":"publish","type":"history","link":"https:\/\/pedrerademeia.geoparcorigens.cat\/ca\/historia\/les-campanyes-de-linstitut-destudis-ilerdencs\/","title":{"rendered":"Les campanyes de l\u2019Institut d\u2019Estudis Ilerdencs"},"content":{"rendered":"\n<div class=\"wp-block-columns is-layout-flex wp-container-core-columns-is-layout-9d6595d7 wp-block-columns-is-layout-flex\">\n<div class=\"wp-block-column is-layout-flow wp-block-column-is-layout-flow\"><div class=\"wrapper-classic-paragraph\">\n<h2>Els Amics de la Paleontologia i la secci\u00f3 de Geo-paleontologia de l\u2019Institut d\u2019Estudis Ilerdencs<a id=\"Els_Amics\"><\/a><\/h2>\n<p>La Secci\u00f3 de Geo-Paleontologia de l\u2019Institut d\u2019Estudis Ilerdencs, inclosa dins de la Diputaci\u00f3 de Barcelona, va dur a terme un total de 19 campanyes d\u2019excavaci\u00f3 entre els anys 1979 i 1998.<\/p>\n<p>Els antecedents d\u2019aquest grup els hem de buscar amb un grup d\u2019entusiastes per la paleontologia i geologia com eren els Srs. Antoni Lacasa, Ferran Albuixec, Ramon Ali\u00f3 o Nacho Santacana. Aquest grup feia excursions habituals a la Pedrera de Mei\u00e0 per recol\u00b7lectar-hi f\u00f2ssils. A mesura que les col\u00b7leccions anaven augmentant tamb\u00e9 augmentava la consci\u00e8ncia sobra la import\u00e0ncia patrimonial d\u2019aquest jaciment.<\/p>\n<p>L\u2019any 1972 hi ha una primera reuni\u00f3 d\u2019Antoni Lacasa amb el president de la Diputaci\u00f3 Lleida on es posa sobre la taula la necessitat de crear a Lleida un museu de paleontologia. Al mateix temps, Lacasa es posa en contacte amb grans figures de la paleontologia del moment, com el Dr. Miquel Crusafont, director de l\u2019Institut de Paleontologia de Sabadell, el Dr. Lluis Via, director del Museu de Geologia del Seminari Conciliar de Barcelona, o la Dra. Sylvie Wenz, paleont\u00f2loga del Museu d\u2019Hist\u00f2ria Natural de Paris i bona coneixedora del jaciment. Aquests contactes van acompanyats de les crides p\u00fabliques que fa el Sr. Lacasa per tal d\u2019impulsar un museu a la ciutat, fet que no es va produir malgrat l\u2019inter\u00e8s de diversos sectors culturals i pol\u00edtics. No obstant aix\u00f2, el grup va continuar amb la seva tasca de potenciaci\u00f3 de la recerca, principalment dels f\u00f2ssils de la Pedrera de Mei\u00e0, i la divulgaci\u00f3 d\u2019aquestes troballes al p\u00fablic.<\/p>\n<p>La persist\u00e8ncia de Lacasa i els contactes que t\u00e9 amb Llu\u00eds Ferrer i Condal i la paleont\u00f2loga Josefa Men\u00e9ndez Amor li permet aconseguir un llistat dels f\u00f2ssils de la pedrera i poder iniciar un estudi dels f\u00f2ssils que aparegu\u00e9 l\u2019any 1981 (Lacasa, 1981), que va ser el primer volum que recollia tots els f\u00f2ssils apareguts al jaciment.<\/p>\n<p>L\u2019any 1973 es forma el grup \u201cAmics de la Paleontologia\u201d que va creixent progressivament en membres gr\u00e0cies al ress\u00f2 medi\u00e0tic de les troballes i als contactes amb grups de professionals i institucions paleontol\u00f2giques.<\/p>\n<p>L\u2019any 1977 el grup d\u2019aficionats, encap\u00e7alats per Lacasa, Remacha i Esteve, obtenen una vinculaci\u00f3 amb l\u2019Institut d\u2019Estudis Ilerdencs, la qual cosa comporta tamb\u00e9 un espai a l\u2019edifici de l\u2019Institut. Aquest fet marca el naixement de la Secci\u00f3 de Geo-Paleontologia que s\u2019inscriu dins del \u201cGabinete de Ciencias Naturales\u201d que inclou la Bot\u00e0nica, Zoologia i la Geologia.<\/p>\n<p>Dos ge\u00f2legs formaven part del grup (Remacha i Conesa) que tenia en Lacasa, Albuixec i Llorens els seus portaveus i a Santacana encarregat de la fotografia t\u00e8cnica. Amb la creaci\u00f3 d\u2019aquesta secci\u00f3 nous membres es van incorporar al grup, entre ells destaquen Xavier Delcl\u00f2s, Juli Pocino o Josep Borull com a part dels 48 membres que va arribar a tenir aquesta secci\u00f3.<\/p>\n<p>En el decurs de l\u2019any 1978, en que Lacasa fou nomenat Conseller adjunt de la instituci\u00f3, es duu a terme un curs de divulgaci\u00f3 geol\u00f2gica i s\u2019inicia el disseny d\u2019una sala per l\u2019exposici\u00f3 dels f\u00f2ssils recuperats. La col\u00b7lecci\u00f3 principal la formaven els f\u00f2ssils de la Pedrera de Mei\u00e0 \u201cque cediren a l\u2019IEI per al seu estudi, exhibici\u00f3 i conservaci\u00f3\u201d.<\/p>\n<\/div>\n\n<div class=\"wrapper-classic-paragraph\">\n<h2>Les campanyes als jaciments de La Pedrera i La Cabroa<a id=\"campanyes_als_jaciments\"><\/a><\/h2>\n<p>Aquest mateix any, amb la perspectiva d\u2019una campanya d\u2019excavaci\u00f3 a les calc\u00e0ries litogr\u00e0fiques, Lacasa es posa en contacte amb l\u2019investigador de la universitat de Li\u00f3, especialista en paleobot\u00e0nica, Georges Barale, alhora que es fan els preparatius per la campanya de l\u2019any seg\u00fcent.<\/p>\n<p>Sis membres composaven aquella expedici\u00f3 (Lacasa, Barale, Mateu Pascual, Delcl\u00f2s i Borrull), sota la direcci\u00f3 de l\u2019investigador franc\u00e8s, per\u00f2 no van arribar a treballar a l\u2019antiga pedrera d\u2019extracci\u00f3 de calc\u00e0ria sin\u00f3 que es van aturar al pas anomenat de la Cabroa, on tamb\u00e9 afloren unes calc\u00e0ries laminades. Aquest punt va ser el campament de treball durant els dies que va durar la primera campanya, que va permetre recol\u00b7lectar fins a 111 restes f\u00f2ssils de peixos, insectes i vegetals.<\/p>\n<p>L\u2019\u00e8xit de l\u2019expedici\u00f3, constatat en l\u2019informe em\u00e8s pel Dr. Barale, va fer que les campanyes es repetissin anualment fins l\u2019any 1998 (amb l\u2019excepci\u00f3 de l\u2019any 1997, que no es va dur a terme), finan\u00e7ades, principalment, per l\u2019Institut d\u2019Estudis Ilerdencs amb aportacions puntuals de la Universitat de Li\u00f3, la Generalitat de Catalunya o \u201cLa Caixa\u201d.<\/p>\n<p>La cessi\u00f3 de compet\u00e8ncies en cultura a la recent restablerta Generalitat de Catalunya, fa que, a partir de l\u2019any 1986, les autoritzacions per dur a terme les excavacions havien de ser tramitades pel Departament de Cultura, alhora que es va comen\u00e7ar a prendre consci\u00e8ncia de la import\u00e0ncia del Patrimoni cultural i natural i es va restringir, progressivament, la recerca als jaciments de calc\u00e0ries litogr\u00e0fiques.<\/p>\n<p>En les dinou campanyes d\u2019excavaci\u00f3 hi van participar investigadors nacionals i internacionals, a m\u00e9s del ja anomenat Georges Barale, com la Dra. Sylvie Wenz, que ja havia excavat el jaciment en els anys 60, el Dr. G\u00fcnter Viohl, del Jura Museum, el Dr. Santaf\u00e9 del Museu de Paleontologia de Sabadell, la Dra. Alicia Masriera, del Museu de Geologia de Barcelona o el ge\u00f2leg Joan Ullastre.<\/p>\n<p>Durant aquelles excavacions es van recuperar f\u00f2ssils excepcionals que varen permetre erigir noves esp\u00e8cies com \u00e9s el cas de una fulla de Ginkgo i una altra ginkgo\u00e0cia, <em>Etermotglosa lacasai<\/em>, l\u2019any 1981, la primera aranya del jaciment l\u2019any 1983, una nova ploma, l\u2019any 1984 o la primera esp\u00e8cie de t\u00e8rmit descrita, <em>Meiatermes bertrani<\/em>.<\/p>\n<p>Entre els anys 1988 i 1989 els germans Gonz\u00e1lez Redondo, aficionats a la paleontologia, varen lliurar a la secci\u00f3 de Geo-paleontologia un exemplar d\u2019au f\u00f2ssil. Aquest f\u00f2ssil va ser la base per descriure una nova esp\u00e8cie d\u2019au enantiorn\u00edtida, <em>Noguerornis gonzalei<\/em>.<\/p>\n<\/div><\/div>\n<\/div>\n","protected":false},"template":"","years":[191],"class_list":["post-399","history","type-history","status-publish","hentry","years-191"],"acf":[],"yoast_head":"<!-- This site is optimized with the Yoast SEO plugin v27.4 - https:\/\/yoast.com\/product\/yoast-seo-wordpress\/ -->\n<title>Les campanyes de l\u2019Institut d\u2019Estudis Ilerdencs - Pedrera de Meia - Geoparc Origens<\/title>\n<meta name=\"robots\" content=\"index, follow, max-snippet:-1, max-image-preview:large, max-video-preview:-1\" \/>\n<link rel=\"canonical\" href=\"https:\/\/pedrerademeia.geoparcorigens.cat\/ca\/historia\/les-campanyes-de-linstitut-destudis-ilerdencs\/\" \/>\n<meta property=\"og:locale\" content=\"ca_ES\" \/>\n<meta property=\"og:type\" content=\"article\" \/>\n<meta property=\"og:title\" content=\"Les campanyes de l\u2019Institut d\u2019Estudis Ilerdencs - Pedrera de Meia - Geoparc Origens\" \/>\n<meta property=\"og:description\" content=\"Els Amics de la Paleontologia i la secci\u00f3 de Geo-paleontologia de l\u2019Institut d\u2019Estudis Ilerdencs La Secci\u00f3 de Geo-Paleontologia de l\u2019Institut d\u2019Estudis Ilerdencs, inclosa dins de la Diputaci\u00f3 de Barcelona, va dur a terme un total de 19 campanyes d\u2019excavaci\u00f3 entre els anys 1979 i 1998. Els antecedents d\u2019aquest grup els hem de buscar amb un [&hellip;]\" \/>\n<meta property=\"og:url\" content=\"https:\/\/pedrerademeia.geoparcorigens.cat\/ca\/historia\/les-campanyes-de-linstitut-destudis-ilerdencs\/\" \/>\n<meta property=\"og:site_name\" content=\"Pedrera de Meia - Geoparc Origens\" \/>\n<meta property=\"article:modified_time\" content=\"2025-01-20T10:13:01+00:00\" \/>\n<meta name=\"twitter:card\" content=\"summary_large_image\" \/>\n<meta name=\"twitter:label1\" content=\"Temps estimat de lectura\" \/>\n\t<meta name=\"twitter:data1\" content=\"6 minuts\" \/>\n<script type=\"application\/ld+json\" class=\"yoast-schema-graph\">{\"@context\":\"https:\\\/\\\/schema.org\",\"@graph\":[{\"@type\":\"WebPage\",\"@id\":\"https:\\\/\\\/pedrerademeia.geoparcorigens.cat\\\/ca\\\/historia\\\/les-campanyes-de-linstitut-destudis-ilerdencs\\\/\",\"url\":\"https:\\\/\\\/pedrerademeia.geoparcorigens.cat\\\/ca\\\/historia\\\/les-campanyes-de-linstitut-destudis-ilerdencs\\\/\",\"name\":\"Les campanyes de l\u2019Institut d\u2019Estudis Ilerdencs - Pedrera de Meia - Geoparc Origens\",\"isPartOf\":{\"@id\":\"https:\\\/\\\/pedrerademeia.geoparcorigens.cat\\\/ca\\\/#website\"},\"datePublished\":\"2021-02-25T15:19:00+00:00\",\"dateModified\":\"2025-01-20T10:13:01+00:00\",\"breadcrumb\":{\"@id\":\"https:\\\/\\\/pedrerademeia.geoparcorigens.cat\\\/ca\\\/historia\\\/les-campanyes-de-linstitut-destudis-ilerdencs\\\/#breadcrumb\"},\"inLanguage\":\"ca\",\"potentialAction\":[{\"@type\":\"ReadAction\",\"target\":[\"https:\\\/\\\/pedrerademeia.geoparcorigens.cat\\\/ca\\\/historia\\\/les-campanyes-de-linstitut-destudis-ilerdencs\\\/\"]}]},{\"@type\":\"BreadcrumbList\",\"@id\":\"https:\\\/\\\/pedrerademeia.geoparcorigens.cat\\\/ca\\\/historia\\\/les-campanyes-de-linstitut-destudis-ilerdencs\\\/#breadcrumb\",\"itemListElement\":[{\"@type\":\"ListItem\",\"position\":1,\"name\":\"Portada\",\"item\":\"https:\\\/\\\/pedrerademeia.geoparcorigens.cat\\\/ca\\\/\"},{\"@type\":\"ListItem\",\"position\":2,\"name\":\"Les campanyes de l\u2019Institut d\u2019Estudis Ilerdencs\"}]},{\"@type\":\"WebSite\",\"@id\":\"https:\\\/\\\/pedrerademeia.geoparcorigens.cat\\\/ca\\\/#website\",\"url\":\"https:\\\/\\\/pedrerademeia.geoparcorigens.cat\\\/ca\\\/\",\"name\":\"Pedrera de Meia - Geoparc Origens\",\"description\":\"Otro sitio realizado con WordPress\",\"publisher\":{\"@id\":\"https:\\\/\\\/pedrerademeia.geoparcorigens.cat\\\/ca\\\/#organization\"},\"potentialAction\":[{\"@type\":\"SearchAction\",\"target\":{\"@type\":\"EntryPoint\",\"urlTemplate\":\"https:\\\/\\\/pedrerademeia.geoparcorigens.cat\\\/ca\\\/?s={search_term_string}\"},\"query-input\":{\"@type\":\"PropertyValueSpecification\",\"valueRequired\":true,\"valueName\":\"search_term_string\"}}],\"inLanguage\":\"ca\"},{\"@type\":\"Organization\",\"@id\":\"https:\\\/\\\/pedrerademeia.geoparcorigens.cat\\\/ca\\\/#organization\",\"name\":\"Pedrera de Meia - Geoparc Origens\",\"url\":\"https:\\\/\\\/pedrerademeia.geoparcorigens.cat\\\/ca\\\/\",\"logo\":{\"@type\":\"ImageObject\",\"inLanguage\":\"ca\",\"@id\":\"https:\\\/\\\/pedrerademeia.geoparcorigens.cat\\\/ca\\\/#\\\/schema\\\/logo\\\/image\\\/\",\"url\":\"https:\\\/\\\/pedrerademeia.geoparcorigens.cat\\\/wp-content\\\/uploads\\\/cropped-cropped-geoparc_logo_marca_color_transparent.png\",\"contentUrl\":\"https:\\\/\\\/pedrerademeia.geoparcorigens.cat\\\/wp-content\\\/uploads\\\/cropped-cropped-geoparc_logo_marca_color_transparent.png\",\"width\":5197,\"height\":2011,\"caption\":\"Pedrera de Meia - Geoparc Origens\"},\"image\":{\"@id\":\"https:\\\/\\\/pedrerademeia.geoparcorigens.cat\\\/ca\\\/#\\\/schema\\\/logo\\\/image\\\/\"}}]}<\/script>\n<!-- \/ Yoast SEO plugin. -->","yoast_head_json":{"title":"Les campanyes de l\u2019Institut d\u2019Estudis Ilerdencs - Pedrera de Meia - Geoparc Origens","robots":{"index":"index","follow":"follow","max-snippet":"max-snippet:-1","max-image-preview":"max-image-preview:large","max-video-preview":"max-video-preview:-1"},"canonical":"https:\/\/pedrerademeia.geoparcorigens.cat\/ca\/historia\/les-campanyes-de-linstitut-destudis-ilerdencs\/","og_locale":"ca_ES","og_type":"article","og_title":"Les campanyes de l\u2019Institut d\u2019Estudis Ilerdencs - Pedrera de Meia - Geoparc Origens","og_description":"Els Amics de la Paleontologia i la secci\u00f3 de Geo-paleontologia de l\u2019Institut d\u2019Estudis Ilerdencs La Secci\u00f3 de Geo-Paleontologia de l\u2019Institut d\u2019Estudis Ilerdencs, inclosa dins de la Diputaci\u00f3 de Barcelona, va dur a terme un total de 19 campanyes d\u2019excavaci\u00f3 entre els anys 1979 i 1998. Els antecedents d\u2019aquest grup els hem de buscar amb un [&hellip;]","og_url":"https:\/\/pedrerademeia.geoparcorigens.cat\/ca\/historia\/les-campanyes-de-linstitut-destudis-ilerdencs\/","og_site_name":"Pedrera de Meia - Geoparc Origens","article_modified_time":"2025-01-20T10:13:01+00:00","twitter_card":"summary_large_image","twitter_misc":{"Temps estimat de lectura":"6 minuts"},"schema":{"@context":"https:\/\/schema.org","@graph":[{"@type":"WebPage","@id":"https:\/\/pedrerademeia.geoparcorigens.cat\/ca\/historia\/les-campanyes-de-linstitut-destudis-ilerdencs\/","url":"https:\/\/pedrerademeia.geoparcorigens.cat\/ca\/historia\/les-campanyes-de-linstitut-destudis-ilerdencs\/","name":"Les campanyes de l\u2019Institut d\u2019Estudis Ilerdencs - Pedrera de Meia - Geoparc Origens","isPartOf":{"@id":"https:\/\/pedrerademeia.geoparcorigens.cat\/ca\/#website"},"datePublished":"2021-02-25T15:19:00+00:00","dateModified":"2025-01-20T10:13:01+00:00","breadcrumb":{"@id":"https:\/\/pedrerademeia.geoparcorigens.cat\/ca\/historia\/les-campanyes-de-linstitut-destudis-ilerdencs\/#breadcrumb"},"inLanguage":"ca","potentialAction":[{"@type":"ReadAction","target":["https:\/\/pedrerademeia.geoparcorigens.cat\/ca\/historia\/les-campanyes-de-linstitut-destudis-ilerdencs\/"]}]},{"@type":"BreadcrumbList","@id":"https:\/\/pedrerademeia.geoparcorigens.cat\/ca\/historia\/les-campanyes-de-linstitut-destudis-ilerdencs\/#breadcrumb","itemListElement":[{"@type":"ListItem","position":1,"name":"Portada","item":"https:\/\/pedrerademeia.geoparcorigens.cat\/ca\/"},{"@type":"ListItem","position":2,"name":"Les campanyes de l\u2019Institut d\u2019Estudis Ilerdencs"}]},{"@type":"WebSite","@id":"https:\/\/pedrerademeia.geoparcorigens.cat\/ca\/#website","url":"https:\/\/pedrerademeia.geoparcorigens.cat\/ca\/","name":"Pedrera de Meia - Geoparc Origens","description":"Otro sitio realizado con WordPress","publisher":{"@id":"https:\/\/pedrerademeia.geoparcorigens.cat\/ca\/#organization"},"potentialAction":[{"@type":"SearchAction","target":{"@type":"EntryPoint","urlTemplate":"https:\/\/pedrerademeia.geoparcorigens.cat\/ca\/?s={search_term_string}"},"query-input":{"@type":"PropertyValueSpecification","valueRequired":true,"valueName":"search_term_string"}}],"inLanguage":"ca"},{"@type":"Organization","@id":"https:\/\/pedrerademeia.geoparcorigens.cat\/ca\/#organization","name":"Pedrera de Meia - Geoparc Origens","url":"https:\/\/pedrerademeia.geoparcorigens.cat\/ca\/","logo":{"@type":"ImageObject","inLanguage":"ca","@id":"https:\/\/pedrerademeia.geoparcorigens.cat\/ca\/#\/schema\/logo\/image\/","url":"https:\/\/pedrerademeia.geoparcorigens.cat\/wp-content\/uploads\/cropped-cropped-geoparc_logo_marca_color_transparent.png","contentUrl":"https:\/\/pedrerademeia.geoparcorigens.cat\/wp-content\/uploads\/cropped-cropped-geoparc_logo_marca_color_transparent.png","width":5197,"height":2011,"caption":"Pedrera de Meia - Geoparc Origens"},"image":{"@id":"https:\/\/pedrerademeia.geoparcorigens.cat\/ca\/#\/schema\/logo\/image\/"}}]}},"_links":{"self":[{"href":"https:\/\/pedrerademeia.geoparcorigens.cat\/ca\/wp-json\/wp\/v2\/history\/399","targetHints":{"allow":["GET"]}}],"collection":[{"href":"https:\/\/pedrerademeia.geoparcorigens.cat\/ca\/wp-json\/wp\/v2\/history"}],"about":[{"href":"https:\/\/pedrerademeia.geoparcorigens.cat\/ca\/wp-json\/wp\/v2\/types\/history"}],"wp:attachment":[{"href":"https:\/\/pedrerademeia.geoparcorigens.cat\/ca\/wp-json\/wp\/v2\/media?parent=399"}],"wp:term":[{"taxonomy":"years","embeddable":true,"href":"https:\/\/pedrerademeia.geoparcorigens.cat\/ca\/wp-json\/wp\/v2\/years?post=399"}],"curies":[{"name":"wp","href":"https:\/\/api.w.org\/{rel}","templated":true}]}}