{"id":400,"date":"2021-02-25T15:19:35","date_gmt":"2021-02-25T15:19:35","guid":{"rendered":"https:\/\/pedrerademeia.geoparcorigens.cat\/?post_type=history&#038;p=400"},"modified":"2025-01-20T10:08:53","modified_gmt":"2025-01-20T10:08:53","slug":"les-campanyes-del-segle-xxi","status":"publish","type":"history","link":"https:\/\/pedrerademeia.geoparcorigens.cat\/ca\/historia\/les-campanyes-del-segle-xxi\/","title":{"rendered":"Les campanyes del Segle XXI"},"content":{"rendered":"\n<div class=\"wp-block-columns is-layout-flex wp-container-core-columns-is-layout-9d6595d7 wp-block-columns-is-layout-flex\">\n<div class=\"wp-block-column is-layout-flow wp-block-column-is-layout-flow\"><div class=\"wrapper-classic-paragraph\">\n<h2>Un jove investigador descriu una nova esp\u00e8cie de r\u00e8ptil<a id=\"jove_investigador\"><\/a><\/h2>\n<p>L\u2019inici d\u2019una nova tanda de treballs i campanyes d\u2019excavaci\u00f3 en els jaciments de la Pedrera de Mei\u00e0 t\u00e9 el seu origen en l\u2019aparici\u00f3 a l\u2019Institut Catal\u00e0 de Paleontologia (ICP) d\u2019un llicenciat en Geologia que volia fer la seva tesi doctoral. Aquest estudiant, Arnau Bolet Mercadal, estava molt interessat en l\u2019estudi dels llangardaixos i tenia a la seva disposici\u00f3 un exemplar de r\u00e8ptil de la Pedrera que podria ser una nova esp\u00e8cie. L\u2019exemplar (MGB 47250, dipositat al Museu del Geologia de Barcelona), va resultar, efectivament, una nova esp\u00e8cie anomenada <em>Pedrerasaurus latifrontalis<\/em> (Bolet &amp; Evans, 2010).<\/p>\n<p>Ja abans d\u2019iniciar-se aquella tesi doctoral es va dur a terme una primera campanya de prospecci\u00f3 l\u2019any 2008, en la qual hi van participar diversos membres de l\u2019ICP i va comptar amb l\u2019assessorament del senyor Antoni Lacasa<\/p>\n<\/div>\n\n \n\n<div class=\"cont--image-gallery\">\n      \n    \n    <div class=\"items--image-gallery owl-carousel\">\n        \n                  \n            \n            \n            <div class=\"item content--image-gallery-item\">\n                <div class=\"cont--image\">\n                    <img loading=\"lazy\" decoding=\"async\" width=\"1920\" height=\"1440\" src=\"https:\/\/pedrerademeia.geoparcorigens.cat\/wp-content\/uploads\/Campanya-pedrera-08_1-A.jpg\" class=\"attachment-full size-full\" alt=\"Visita a la Pedrera de Mei\u00e0, any 2008. A la foto Arnau Bolet i Antoni Lacasa. Campanya pedrera 08_1 (A).jpg. \u00a9\u00c0ngel Galobart\" srcset=\"https:\/\/pedrerademeia.geoparcorigens.cat\/wp-content\/uploads\/Campanya-pedrera-08_1-A.jpg 1920w, https:\/\/pedrerademeia.geoparcorigens.cat\/wp-content\/uploads\/Campanya-pedrera-08_1-A-1536x1152.jpg 1536w\" sizes=\"auto, (max-width: 1920px) 100vw, 1920px\" \/>                <\/div>\n                <div class=\"cont--text-caption\">\n                    Visita a la Pedrera de Mei\u00e0, any 2008. A la foto Arnau Bolet i Antoni Lacasa. \u00a9\u00c0ngel Galobart                <\/div>\n            <\/div>\n\n            \n        \n    <\/div>\n<\/div>\n\n<div class=\"wrapper-classic-paragraph\">\n<h2>Recollint mostres del jaciment<a id=\"Recollint_mostres\"><\/a><\/h2>\n<p>Quasi deu anys despr\u00e9s, l\u2019any 2017 es torna a demanar perm\u00eds d\u2019actuaci\u00f3 per treballar al jaciment de la Pedrera de Mei\u00e0. Aquest cop es volia recollir pedra dels enderrocsde l\u2019explotaci\u00f3 per tal de treballar-la al Centre d\u2019Interpretaci\u00f3 del Montsec de Mei\u00e0. L\u2019idea original de fer entrar una excavadora al jaciment de la Pedrera de Mei\u00e0 es va haver de desestimar ja que el cam\u00ed d\u2019acc\u00e9s est\u00e0 molt malm\u00e8s i nom\u00e9s t\u00e9 l\u2019amplada de pas d\u2019una persona.<\/p>\n<p>Per solucionar aquest problema es va accedir a l\u2019anomenada Pedrera d\u2019en Castej\u00f3n, situada una mica al nord-oest de la pedrera. \u00c9s un petit aflorament on encara s\u2019hi troba for\u00e7a pedra d\u2019una mida bastant gran i, fins i tot, algun bloc preparat per \u00e9sser utilitzat com a pedra litogr\u00e0fica. L\u2019acc\u00e9s es va poder fer pel cam\u00ed antic i aix\u00ed es va poder recollir un petit volum de pedra amb la pala de l\u2019excavadora.<\/p>\n<\/div>\n\n \n\n<div class=\"cont--image-gallery\">\n      \n    \n    <div class=\"items--image-gallery owl-carousel\">\n        \n                  \n            \n            \n            <div class=\"item content--image-gallery-item\">\n                <div class=\"cont--image\">\n                    <img loading=\"lazy\" decoding=\"async\" width=\"1920\" height=\"1440\" src=\"https:\/\/pedrerademeia.geoparcorigens.cat\/wp-content\/uploads\/pedrera-castejon-amb-pedra-litografica-A.jpg\" class=\"attachment-full size-full\" alt=\"Vista de la Pedrera d\u2019en Castejon on s\u2019aprecia un gran bloc preparat com a pedra litogr\u00e0fica. \u00a9\u00c0ngel Galobart.\" srcset=\"https:\/\/pedrerademeia.geoparcorigens.cat\/wp-content\/uploads\/pedrera-castejon-amb-pedra-litografica-A.jpg 1920w, https:\/\/pedrerademeia.geoparcorigens.cat\/wp-content\/uploads\/pedrera-castejon-amb-pedra-litografica-A-1536x1152.jpg 1536w\" sizes=\"auto, (max-width: 1920px) 100vw, 1920px\" \/>                <\/div>\n                <div class=\"cont--text-caption\">\n                    Vista de la Pedrera d\u2019en Castejon on s\u2019aprecia un gran bloc preparat com a pedra litogr\u00e0fica.  \u00a9\u00c0ngel Galobart.                <\/div>\n            <\/div>\n\n            \n        \n    <\/div>\n<\/div>\n\n<div class=\"wrapper-classic-paragraph\">\n<h2>Les campanyes recents i una nova tesi doctoral en marxa<a id=\"campanyes_recents\"><\/a><\/h2>\n<p>Des de l&#8217;any 2018 s\u2019han dut a terme campanyes a la Pedrera, tant per la recol\u00b7lecci\u00f3 de nous f\u00f2ssils com per l\u2019estudi detallat geol\u00f2gic. La campanya de l\u2019any 2018 va comptar amb un bon grup d\u2019excavadors que van preparar una zona del jaciment i es van comen\u00e7ar a extreure fines lloses amb f\u00f2ssils.<\/p>\n<\/div>\n\n \n\n<div class=\"cont--image-gallery\">\n      \n    \n    <div class=\"items--image-gallery owl-carousel\">\n        \n                  \n            \n            \n            <div class=\"item content--image-gallery-item\">\n                <div class=\"cont--image\">\n                    <img loading=\"lazy\" decoding=\"async\" width=\"1920\" height=\"1278\" src=\"https:\/\/pedrerademeia.geoparcorigens.cat\/wp-content\/uploads\/coelodus-18-A.jpg\" class=\"attachment-full size-full\" alt=\"Un dels f\u00f2ssils de Coelodus recuperats durant la campanya de l\u2019any 2018\" srcset=\"https:\/\/pedrerademeia.geoparcorigens.cat\/wp-content\/uploads\/coelodus-18-A.jpg 1920w, https:\/\/pedrerademeia.geoparcorigens.cat\/wp-content\/uploads\/coelodus-18-A-1536x1022.jpg 1536w\" sizes=\"auto, (max-width: 1920px) 100vw, 1920px\" \/>                <\/div>\n                <div class=\"cont--text-caption\">\n                    Un dels f\u00f2ssils de Coelodus recuperats durant la campanya de l\u2019any 2018. \u00a9\u00c0ngel Galobart                <\/div>\n            <\/div>\n\n            \n        \n    <\/div>\n<\/div>\n\n \n\n<div class=\"cont--image-gallery\">\n      \n    \n    <div class=\"items--image-gallery owl-carousel\">\n        \n                  \n            \n            \n            <div class=\"item content--image-gallery-item\">\n                <div class=\"cont--image\">\n                    <img loading=\"lazy\" decoding=\"async\" width=\"1920\" height=\"1440\" src=\"https:\/\/pedrerademeia.geoparcorigens.cat\/wp-content\/uploads\/campanya-pedrera-18_1-greg.jpg\" class=\"attachment-full size-full\" alt=\"La campanya de l\u2019any 2018 va comptar amb la pres\u00e8ncia del Dr. Greg Wilson (primer per l\u2019esquerre) de la Universitat de Washington. A continuaci\u00f3, el Dr. \u00c0ngel Galobart, Gerard Serra, Virginia Vanni i el Dr. Bernat Vila de l\u2019ICP\" srcset=\"https:\/\/pedrerademeia.geoparcorigens.cat\/wp-content\/uploads\/campanya-pedrera-18_1-greg.jpg 1920w, https:\/\/pedrerademeia.geoparcorigens.cat\/wp-content\/uploads\/campanya-pedrera-18_1-greg-1536x1152.jpg 1536w\" sizes=\"auto, (max-width: 1920px) 100vw, 1920px\" \/>                <\/div>\n                <div class=\"cont--text-caption\">\n                    La campanya de l\u2019any 2018 va comptar amb la pres\u00e8ncia del Dr. Greg Wilson (primer per l\u2019esquerre) de la Universitat de Washington. A continuaci\u00f3, el Dr. \u00c0ngel Galobart, Gerard Serra, Virginia Vanni i el Dr. Bernat Vila de l\u2019ICP                <\/div>\n            <\/div>\n\n            \n        \n    <\/div>\n<\/div>\n\n<div class=\"wrapper-classic-paragraph\">\n<p>L\u2019any 2019 es va continuar en el mateix punt d\u2019aflorament, on es va treballar en aspectes sedimentol\u00f2gics i tafon\u00f2mics. Tamb\u00e9 es va dur a terme una neteja dels derrubis superficials amb l\u2019objectiu de completar una columna estratigr\u00e0fica del jaciment.<\/p>\n<\/div>\n\n \n\n<div class=\"cont--image-gallery\">\n      \n    \n    <div class=\"items--image-gallery owl-carousel\">\n        \n                  \n            \n            \n            <div class=\"item content--image-gallery-item\">\n                <div class=\"cont--image\">\n                    <img loading=\"lazy\" decoding=\"async\" width=\"1920\" height=\"1440\" src=\"https:\/\/pedrerademeia.geoparcorigens.cat\/wp-content\/uploads\/campanya-pedrera-19_1-Alej.jpg\" class=\"attachment-full size-full\" alt=\"Treballs de cerca de f\u00f2ssils a la Pedrera de Mei\u00e0, campanya 2019, en primer pla el Dr. Francesc L\u00f3pez-Soriano de la UB. \u00a9Alejandro Gil\/UAB.\" srcset=\"https:\/\/pedrerademeia.geoparcorigens.cat\/wp-content\/uploads\/campanya-pedrera-19_1-Alej.jpg 1920w, https:\/\/pedrerademeia.geoparcorigens.cat\/wp-content\/uploads\/campanya-pedrera-19_1-Alej-1536x1152.jpg 1536w\" sizes=\"auto, (max-width: 1920px) 100vw, 1920px\" \/>                <\/div>\n                <div class=\"cont--text-caption\">\n                    Treballs de cerca de f\u00f2ssils a la Pedrera de Mei\u00e0, campanya 2019, en primer pla el Dr. Francesc L\u00f3pez-Soriano de la UB. \u00a9Alejandro Gil\/UAB.                <\/div>\n            <\/div>\n\n            \n        \n    <\/div>\n<\/div>\n\n \n\n<div class=\"cont--image-gallery\">\n      \n    \n    <div class=\"items--image-gallery owl-carousel\">\n        \n                  \n            \n            \n            <div class=\"item content--image-gallery-item\">\n                <div class=\"cont--image\">\n                    <img loading=\"lazy\" decoding=\"async\" width=\"1920\" height=\"2560\" src=\"https:\/\/pedrerademeia.geoparcorigens.cat\/wp-content\/uploads\/campanya-pedrera-19_3-Alej.jpg\" class=\"attachment-full size-full\" alt=\"Vista de la rasa preparada per aixecar la columna estratigr\u00e0fica. \u00a9Alejandro Gil\/UAB.\" srcset=\"https:\/\/pedrerademeia.geoparcorigens.cat\/wp-content\/uploads\/campanya-pedrera-19_3-Alej.jpg 1920w, https:\/\/pedrerademeia.geoparcorigens.cat\/wp-content\/uploads\/campanya-pedrera-19_3-Alej-1152x1536.jpg 1152w, https:\/\/pedrerademeia.geoparcorigens.cat\/wp-content\/uploads\/campanya-pedrera-19_3-Alej-1536x2048.jpg 1536w\" sizes=\"auto, (max-width: 1920px) 100vw, 1920px\" \/>                <\/div>\n                <div class=\"cont--text-caption\">\n                    Vista de la rasa preparada per aixecar la columna estratigr\u00e0fica. \u00a9Alejandro Gil\/UAB.                <\/div>\n            <\/div>\n\n            \n        \n    <\/div>\n<\/div><\/div>\n<\/div>\n\n\n\n<div class=\"wp-block-columns is-layout-flex wp-container-core-columns-is-layout-9d6595d7 wp-block-columns-is-layout-flex\">\n<div class=\"wp-block-column is-layout-flow wp-block-column-is-layout-flow\"><\/div>\n<\/div>\n\n\n\n<div class=\"wp-block-columns is-layout-flex wp-container-core-columns-is-layout-9d6595d7 wp-block-columns-is-layout-flex\">\n<div class=\"wp-block-column is-layout-flow wp-block-column-is-layout-flow\"><\/div>\n<\/div>\n","protected":false},"template":"","years":[192],"class_list":["post-400","history","type-history","status-publish","hentry","years-192"],"acf":[],"yoast_head":"<!-- This site is optimized with the Yoast SEO plugin v27.4 - https:\/\/yoast.com\/product\/yoast-seo-wordpress\/ -->\n<title>Les campanyes del Segle XXI - Pedrera de Meia - Geoparc Origens<\/title>\n<meta name=\"robots\" content=\"index, follow, max-snippet:-1, max-image-preview:large, max-video-preview:-1\" \/>\n<link rel=\"canonical\" href=\"https:\/\/pedrerademeia.geoparcorigens.cat\/ca\/historia\/les-campanyes-del-segle-xxi\/\" \/>\n<meta property=\"og:locale\" content=\"ca_ES\" \/>\n<meta property=\"og:type\" content=\"article\" \/>\n<meta property=\"og:title\" content=\"Les campanyes del Segle XXI - Pedrera de Meia - Geoparc Origens\" \/>\n<meta property=\"og:description\" content=\"Un jove investigador descriu una nova esp\u00e8cie de r\u00e8ptil L\u2019inici d\u2019una nova tanda de treballs i campanyes d\u2019excavaci\u00f3 en els jaciments de la Pedrera de Mei\u00e0 t\u00e9 el seu origen en l\u2019aparici\u00f3 a l\u2019Institut Catal\u00e0 de Paleontologia (ICP) d\u2019un llicenciat en Geologia que volia fer la seva tesi doctoral. Aquest estudiant, Arnau Bolet Mercadal, estava [&hellip;]\" \/>\n<meta property=\"og:url\" content=\"https:\/\/pedrerademeia.geoparcorigens.cat\/ca\/historia\/les-campanyes-del-segle-xxi\/\" \/>\n<meta property=\"og:site_name\" content=\"Pedrera de Meia - Geoparc Origens\" \/>\n<meta property=\"article:modified_time\" content=\"2025-01-20T10:08:53+00:00\" \/>\n<meta name=\"twitter:card\" content=\"summary_large_image\" \/>\n<meta name=\"twitter:label1\" content=\"Temps estimat de lectura\" \/>\n\t<meta name=\"twitter:data1\" content=\"3 minuts\" \/>\n<script type=\"application\/ld+json\" class=\"yoast-schema-graph\">{\"@context\":\"https:\\\/\\\/schema.org\",\"@graph\":[{\"@type\":\"WebPage\",\"@id\":\"https:\\\/\\\/pedrerademeia.geoparcorigens.cat\\\/ca\\\/historia\\\/les-campanyes-del-segle-xxi\\\/\",\"url\":\"https:\\\/\\\/pedrerademeia.geoparcorigens.cat\\\/ca\\\/historia\\\/les-campanyes-del-segle-xxi\\\/\",\"name\":\"Les campanyes del Segle XXI - Pedrera de Meia - Geoparc Origens\",\"isPartOf\":{\"@id\":\"https:\\\/\\\/pedrerademeia.geoparcorigens.cat\\\/ca\\\/#website\"},\"datePublished\":\"2021-02-25T15:19:35+00:00\",\"dateModified\":\"2025-01-20T10:08:53+00:00\",\"breadcrumb\":{\"@id\":\"https:\\\/\\\/pedrerademeia.geoparcorigens.cat\\\/ca\\\/historia\\\/les-campanyes-del-segle-xxi\\\/#breadcrumb\"},\"inLanguage\":\"ca\",\"potentialAction\":[{\"@type\":\"ReadAction\",\"target\":[\"https:\\\/\\\/pedrerademeia.geoparcorigens.cat\\\/ca\\\/historia\\\/les-campanyes-del-segle-xxi\\\/\"]}]},{\"@type\":\"BreadcrumbList\",\"@id\":\"https:\\\/\\\/pedrerademeia.geoparcorigens.cat\\\/ca\\\/historia\\\/les-campanyes-del-segle-xxi\\\/#breadcrumb\",\"itemListElement\":[{\"@type\":\"ListItem\",\"position\":1,\"name\":\"Portada\",\"item\":\"https:\\\/\\\/pedrerademeia.geoparcorigens.cat\\\/ca\\\/\"},{\"@type\":\"ListItem\",\"position\":2,\"name\":\"Les campanyes del Segle XXI\"}]},{\"@type\":\"WebSite\",\"@id\":\"https:\\\/\\\/pedrerademeia.geoparcorigens.cat\\\/ca\\\/#website\",\"url\":\"https:\\\/\\\/pedrerademeia.geoparcorigens.cat\\\/ca\\\/\",\"name\":\"Pedrera de Meia - Geoparc Origens\",\"description\":\"Otro sitio realizado con WordPress\",\"publisher\":{\"@id\":\"https:\\\/\\\/pedrerademeia.geoparcorigens.cat\\\/ca\\\/#organization\"},\"potentialAction\":[{\"@type\":\"SearchAction\",\"target\":{\"@type\":\"EntryPoint\",\"urlTemplate\":\"https:\\\/\\\/pedrerademeia.geoparcorigens.cat\\\/ca\\\/?s={search_term_string}\"},\"query-input\":{\"@type\":\"PropertyValueSpecification\",\"valueRequired\":true,\"valueName\":\"search_term_string\"}}],\"inLanguage\":\"ca\"},{\"@type\":\"Organization\",\"@id\":\"https:\\\/\\\/pedrerademeia.geoparcorigens.cat\\\/ca\\\/#organization\",\"name\":\"Pedrera de Meia - Geoparc Origens\",\"url\":\"https:\\\/\\\/pedrerademeia.geoparcorigens.cat\\\/ca\\\/\",\"logo\":{\"@type\":\"ImageObject\",\"inLanguage\":\"ca\",\"@id\":\"https:\\\/\\\/pedrerademeia.geoparcorigens.cat\\\/ca\\\/#\\\/schema\\\/logo\\\/image\\\/\",\"url\":\"https:\\\/\\\/pedrerademeia.geoparcorigens.cat\\\/wp-content\\\/uploads\\\/cropped-cropped-geoparc_logo_marca_color_transparent.png\",\"contentUrl\":\"https:\\\/\\\/pedrerademeia.geoparcorigens.cat\\\/wp-content\\\/uploads\\\/cropped-cropped-geoparc_logo_marca_color_transparent.png\",\"width\":5197,\"height\":2011,\"caption\":\"Pedrera de Meia - Geoparc Origens\"},\"image\":{\"@id\":\"https:\\\/\\\/pedrerademeia.geoparcorigens.cat\\\/ca\\\/#\\\/schema\\\/logo\\\/image\\\/\"}}]}<\/script>\n<!-- \/ Yoast SEO plugin. -->","yoast_head_json":{"title":"Les campanyes del Segle XXI - Pedrera de Meia - Geoparc Origens","robots":{"index":"index","follow":"follow","max-snippet":"max-snippet:-1","max-image-preview":"max-image-preview:large","max-video-preview":"max-video-preview:-1"},"canonical":"https:\/\/pedrerademeia.geoparcorigens.cat\/ca\/historia\/les-campanyes-del-segle-xxi\/","og_locale":"ca_ES","og_type":"article","og_title":"Les campanyes del Segle XXI - Pedrera de Meia - Geoparc Origens","og_description":"Un jove investigador descriu una nova esp\u00e8cie de r\u00e8ptil L\u2019inici d\u2019una nova tanda de treballs i campanyes d\u2019excavaci\u00f3 en els jaciments de la Pedrera de Mei\u00e0 t\u00e9 el seu origen en l\u2019aparici\u00f3 a l\u2019Institut Catal\u00e0 de Paleontologia (ICP) d\u2019un llicenciat en Geologia que volia fer la seva tesi doctoral. Aquest estudiant, Arnau Bolet Mercadal, estava [&hellip;]","og_url":"https:\/\/pedrerademeia.geoparcorigens.cat\/ca\/historia\/les-campanyes-del-segle-xxi\/","og_site_name":"Pedrera de Meia - Geoparc Origens","article_modified_time":"2025-01-20T10:08:53+00:00","twitter_card":"summary_large_image","twitter_misc":{"Temps estimat de lectura":"3 minuts"},"schema":{"@context":"https:\/\/schema.org","@graph":[{"@type":"WebPage","@id":"https:\/\/pedrerademeia.geoparcorigens.cat\/ca\/historia\/les-campanyes-del-segle-xxi\/","url":"https:\/\/pedrerademeia.geoparcorigens.cat\/ca\/historia\/les-campanyes-del-segle-xxi\/","name":"Les campanyes del Segle XXI - Pedrera de Meia - Geoparc Origens","isPartOf":{"@id":"https:\/\/pedrerademeia.geoparcorigens.cat\/ca\/#website"},"datePublished":"2021-02-25T15:19:35+00:00","dateModified":"2025-01-20T10:08:53+00:00","breadcrumb":{"@id":"https:\/\/pedrerademeia.geoparcorigens.cat\/ca\/historia\/les-campanyes-del-segle-xxi\/#breadcrumb"},"inLanguage":"ca","potentialAction":[{"@type":"ReadAction","target":["https:\/\/pedrerademeia.geoparcorigens.cat\/ca\/historia\/les-campanyes-del-segle-xxi\/"]}]},{"@type":"BreadcrumbList","@id":"https:\/\/pedrerademeia.geoparcorigens.cat\/ca\/historia\/les-campanyes-del-segle-xxi\/#breadcrumb","itemListElement":[{"@type":"ListItem","position":1,"name":"Portada","item":"https:\/\/pedrerademeia.geoparcorigens.cat\/ca\/"},{"@type":"ListItem","position":2,"name":"Les campanyes del Segle XXI"}]},{"@type":"WebSite","@id":"https:\/\/pedrerademeia.geoparcorigens.cat\/ca\/#website","url":"https:\/\/pedrerademeia.geoparcorigens.cat\/ca\/","name":"Pedrera de Meia - Geoparc Origens","description":"Otro sitio realizado con WordPress","publisher":{"@id":"https:\/\/pedrerademeia.geoparcorigens.cat\/ca\/#organization"},"potentialAction":[{"@type":"SearchAction","target":{"@type":"EntryPoint","urlTemplate":"https:\/\/pedrerademeia.geoparcorigens.cat\/ca\/?s={search_term_string}"},"query-input":{"@type":"PropertyValueSpecification","valueRequired":true,"valueName":"search_term_string"}}],"inLanguage":"ca"},{"@type":"Organization","@id":"https:\/\/pedrerademeia.geoparcorigens.cat\/ca\/#organization","name":"Pedrera de Meia - Geoparc Origens","url":"https:\/\/pedrerademeia.geoparcorigens.cat\/ca\/","logo":{"@type":"ImageObject","inLanguage":"ca","@id":"https:\/\/pedrerademeia.geoparcorigens.cat\/ca\/#\/schema\/logo\/image\/","url":"https:\/\/pedrerademeia.geoparcorigens.cat\/wp-content\/uploads\/cropped-cropped-geoparc_logo_marca_color_transparent.png","contentUrl":"https:\/\/pedrerademeia.geoparcorigens.cat\/wp-content\/uploads\/cropped-cropped-geoparc_logo_marca_color_transparent.png","width":5197,"height":2011,"caption":"Pedrera de Meia - Geoparc Origens"},"image":{"@id":"https:\/\/pedrerademeia.geoparcorigens.cat\/ca\/#\/schema\/logo\/image\/"}}]}},"_links":{"self":[{"href":"https:\/\/pedrerademeia.geoparcorigens.cat\/ca\/wp-json\/wp\/v2\/history\/400","targetHints":{"allow":["GET"]}}],"collection":[{"href":"https:\/\/pedrerademeia.geoparcorigens.cat\/ca\/wp-json\/wp\/v2\/history"}],"about":[{"href":"https:\/\/pedrerademeia.geoparcorigens.cat\/ca\/wp-json\/wp\/v2\/types\/history"}],"wp:attachment":[{"href":"https:\/\/pedrerademeia.geoparcorigens.cat\/ca\/wp-json\/wp\/v2\/media?parent=400"}],"wp:term":[{"taxonomy":"years","embeddable":true,"href":"https:\/\/pedrerademeia.geoparcorigens.cat\/ca\/wp-json\/wp\/v2\/years?post=400"}],"curies":[{"name":"wp","href":"https:\/\/api.w.org\/{rel}","templated":true}]}}