{"id":9483,"date":"2021-07-06T15:28:23","date_gmt":"2021-07-06T15:28:23","guid":{"rendered":"https:\/\/pedrerademeia.geoparcorigens.cat\/?post_type=history&#038;p=9483"},"modified":"2021-07-07T13:48:38","modified_gmt":"2021-07-07T13:48:38","slug":"las-campanas-del-institut-destudis-ilerdences","status":"publish","type":"history","link":"https:\/\/pedrerademeia.geoparcorigens.cat\/es\/historia\/las-campanas-del-institut-destudis-ilerdences\/","title":{"rendered":"Las campa\u00f1as del Institut d\u2019Estudis Ilerdences"},"content":{"rendered":"\n<div class=\"wp-block-columns is-layout-flex wp-container-core-columns-is-layout-9d6595d7 wp-block-columns-is-layout-flex\">\n<div class=\"wp-block-column is-layout-flow wp-block-column-is-layout-flow\"><div class=\"wrapper-classic-paragraph\">\n<h2>Las campa\u00f1as de los yacimientos de La Pedrera y La Cabroa<a id=\"els_amics\"><\/a><\/h2>\n<p>La Secci\u00f3n de Geo-Paleontologia del Institut d\u2019Estudis Ilerdencs, incluida dentro de la diputaci\u00f3n de Barcelona, llev\u00f3 a cabo un total de 19 campa\u00f1as de excavaci\u00f3n entre los a\u00f1os 1979 y 1998.<\/p>\n<p>Los antecedentes de este grupo los debemos buscar en un grupo de entusiastas por la paleontolog\u00eda y la geolog\u00eda como eran los Srs. Antoni Lacasa, Ferran Albuixec, Ramon Ali\u00f3 o Nacho Santacana. Este grupo hacia excursiones habituales a la Pedrera de Mei\u00e0 para recolectar f\u00f3siles. A medida que las colecciones iban aumentando, tambi\u00e9n aumentaba la conciencia sobre la importancia patrimonial de este yacimiento.<\/p>\n<p>En el a\u00f1o 1972 hab\u00eda una primera reuni\u00f3n de Antoni Lacasa con el presidente de la Diputaci\u00f3n de Lleida donde se pone sobre la mesa la necesidad de crear en Lleida un Museo de Paleontolog\u00eda. Al mismo tiempo, Lacasa se pone en contacto con grandes figuras de la paleontolog\u00eda del momento, como el Dr. Miquel Crusafont, director del Instituto de Paleontolog\u00eda de Sabadell, el Dr. Llu\u00eds Via, director del Museu de Geologia del Seminari Conciliar de Barcelona, o la Dra. Sylvie Wenz, paleont\u00f3loga del Mus\u00e9um national d&#8217;Histoire naturelle de Par\u00eds y conocedora del yacimiento. Estos contactos iban acompa\u00f1ados de los llamamientos p\u00fablicos que hace el Sr. Lacasa para impulsar un museo en la ciudad, hecho que no se produjo a pesar del inter\u00e9s de diferentes sectores culturales y pol\u00edticos. A pesar de ello, el grupo continu\u00f3 con su tarea de potenciaci\u00f3n de la investigaci\u00f3n, principalmente de los f\u00f3siles de la Pedrera de Mei\u00e0, y la divulgaci\u00f3n de estos hallazgos al p\u00fablico.<\/p>\n<p>La persistencia de Lacasa y los contactos que tiene con Llu\u00eds Ferrer i Condal y la paleont\u00f3loga Josefa Men\u00e9ndez Amor, le permite conseguir un listado de los f\u00f3siles de la Pedrera y poder iniciar un estudio de los f\u00f3siles que apareci\u00f3 en 1981 (Lacasa, 1981), que fue el primer volumen que recog\u00eda todos los f\u00f3siles aparecidos en el yacimiento.<\/p>\n<p>El a\u00f1o 1973 se forma el grupo \u201cAmics de la Paleontologia\u201d que va creciendo progresivamente en miembros gracias al eco medi\u00e1tico de los hallazgos y a los contactos con grupos de profesionales e instituciones paleontol\u00f3gicas.<\/p>\n<p>El a\u00f1o 1977 el grupo de aficionados, encabezados por Lacasa, Remacha y Esteve, obtuvieron una vinculaci\u00f3n con el Institut d\u2019Estudis Ilerdencs, cosa que comport\u00f3 tambi\u00e9n un espacio en el edificio del Instituto. Este hecho marca el nacimiento de la secci\u00f3n de geopaleontolog\u00eda que se inscribe dentro del \u201cGabinete de Ciencias Naturales\u201d que incluye la Bot\u00e1nica, la Zoolog\u00eda y la Geolog\u00eda.<\/p>\n<p>El grupo de Lacasa lo formaban dos ge\u00f3logos (Remacha y Conesa); Abuixec y Llorens eran sus portavoces, y a Santacana como encargado de la fotograf\u00eda t\u00e9cnica. Con la creaci\u00f3n de esta secci\u00f3n, nuevos miembros se incorporaron al grupo, entre ellos destacan Xavier Delcl\u00f2s, Juli Pocino o Josep Borull como parte de los 48 miembros que lleg\u00f3 a tener esta secci\u00f3n.<\/p>\n<p>Durante el a\u00f1o 1978, en el que Lacasa fue nombrado Consejero adjunto de la instituci\u00f3n, se lleva a cabo un curso de divulgaci\u00f3n geol\u00f3gica y se inicia el dise\u00f1o de una sala para la exposici\u00f3n de los f\u00f3siles recuperados. La colecci\u00f3n principal la formaban los f\u00f3siles de la Pedrera de Mei\u00e0 \u201cque cedieron al IEI para su estudio, exhibici\u00f3n y conservaci\u00f3n\u201d.<\/p>\n<\/div>\n\n<div class=\"wrapper-classic-paragraph\">\n<h2>Las campa\u00f1as de los yacimientos de La Pedrera y La Cabroa <a id=\"las_campanas_de_los_yacimientos\"><\/a><\/h2>\n<p>Ese mismo a\u00f1o, con la perspectiva de una campa\u00f1a de excavaci\u00f3n en las calc\u00e1reas litogr\u00e1ficas, Lacasa se pone en contacto con el investigador de la universidad de Lyon, especialista en paleobot\u00e1nica, Georges Barale, al mismo tiempo que se hacen los preparativos para la campa\u00f1a del a\u00f1o siguiente.&nbsp;<\/p>\n<p>Seis miembros compon\u00edan aquella expedici\u00f3n (Lacasa, Barale, Mateu, Pascual, Delcl\u00f2s y Borrull) bajo la direcci\u00f3n del investigador franc\u00e9s, pero no llegaron a trabajar en la antigua cantera de extracci\u00f3n de calc\u00e1rea sino que se detuvieron en el paso llamado de la Cabroa, donde tambi\u00e9n afloran unas calc\u00e1reas laminadas. Este lugar fue el campamento de trabajo durante los d\u00edas que dur\u00f3 la primera campa\u00f1a, que permiti\u00f3 recolectar hasta 111 restos f\u00f3siles de peces, insectos y vegetales.<\/p>\n<p>El \u00e9xito de la expedici\u00f3n, constatado en el informe emitido por el Dr. Barale, hizo que las campa\u00f1as se repitieran anualmente hasta el a\u00f1o 1998 (con la excepci\u00f3n de 1997), financiadas, principalmente por el Institut d\u2019Estudis Ilerdencs con aportaciones puntuales de la Universidad de Lyon, la Generalitat de Catalu\u00f1a y \u201cLa Caixa\u201d.<\/p>\n<p>La cesi\u00f3n de competencias en cultura a la reci\u00e9n reestablecida Generalitat, hizo que, a partir de 1986, las autorizaciones para llevar a cabo las excavaciones, deb\u00edan ser transmitidas por el Departament de Cultura, del mismo modo, se empez\u00f3 a tomar conciencia de la importancia del Patrimonio cultural y natural, lo cual restringi\u00f3 -progresivamente- la investigaci\u00f3n en los yacimientos de calc\u00e1reas litogr\u00e1ficas.<\/p>\n<p>En las 19 campa\u00f1as de excavaci\u00f3n participaron investigadores nacionales e internacionales, adem\u00e1s del ya mencionado Georges Barale, como la Dra. Sylvie Wenz, que ya hab\u00eda excavado el yacimiento en los a\u00f1os 60s el Dr. G\u00fcnter Viohl, del Jura Museum, el Dr. Santaf\u00e9 del Museu de Paleontologia de Sabadell, la Dra. Alicia Masriera, del Museo de Geolog\u00eda de Barcelona o el ge\u00f3logo Joan Ullastre.<\/p>\n<p>Durante aquellas excavaciones se recuperaron f\u00f3siles excepcionales que permitieron erigir nuevas especies como es el caso de una hoja de <i>Ginkgo<\/i> y otra ginkgoacia, <i>Eretmoglossa lacasai<\/i>, en 1981, la primera ara\u00f1a del yacimiento, en 1983; una nueva pluma, en 1984; la primera especie de termita descrita, <i>Meiatermes bertrani<\/i>.<\/p>\n<p>Entre los a\u00f1os 1988 y 1989 los hermanos Gonz\u00e1lez Redondo, aficionados a la paleontolog\u00eda, entregaron a la secci\u00f3n de Geo-paleontolog\u00eda un ejemplar de ave f\u00f3sil. Este f\u00f3sil fue la base para describir una nueva especie de ave enantiorn\u00edtida: <i>Noguerornis gonzalei<\/i>.<\/p>\n<\/div><\/div>\n<\/div>\n","protected":false},"template":"","years":[191],"class_list":["post-9483","history","type-history","status-publish","hentry","years-191"],"acf":[],"yoast_head":"<!-- This site is optimized with the Yoast SEO plugin v27.4 - https:\/\/yoast.com\/product\/yoast-seo-wordpress\/ -->\n<title>Las campa\u00f1as del Institut d\u2019Estudis Ilerdences - Pedrera de Meia - Geoparc Origens<\/title>\n<meta name=\"robots\" content=\"index, follow, max-snippet:-1, max-image-preview:large, max-video-preview:-1\" \/>\n<link rel=\"canonical\" href=\"https:\/\/pedrerademeia.geoparcorigens.cat\/es\/historia\/las-campanas-del-institut-destudis-ilerdences\/\" \/>\n<meta property=\"og:locale\" content=\"es_ES\" \/>\n<meta property=\"og:type\" content=\"article\" \/>\n<meta property=\"og:title\" content=\"Las campa\u00f1as del Institut d\u2019Estudis Ilerdences - Pedrera de Meia - Geoparc Origens\" \/>\n<meta property=\"og:description\" content=\"Las campa\u00f1as de los yacimientos de La Pedrera y La Cabroa La Secci\u00f3n de Geo-Paleontologia del Institut d\u2019Estudis Ilerdencs, incluida dentro de la diputaci\u00f3n de Barcelona, llev\u00f3 a cabo un total de 19 campa\u00f1as de excavaci\u00f3n entre los a\u00f1os 1979 y 1998. Los antecedentes de este grupo los debemos buscar en un grupo de entusiastas [&hellip;]\" \/>\n<meta property=\"og:url\" content=\"https:\/\/pedrerademeia.geoparcorigens.cat\/es\/historia\/las-campanas-del-institut-destudis-ilerdences\/\" \/>\n<meta property=\"og:site_name\" content=\"Pedrera de Meia - Geoparc Origens\" \/>\n<meta property=\"article:modified_time\" content=\"2021-07-07T13:48:38+00:00\" \/>\n<meta name=\"twitter:card\" content=\"summary_large_image\" \/>\n<meta name=\"twitter:label1\" content=\"Tiempo de lectura\" \/>\n\t<meta name=\"twitter:data1\" content=\"5 minutos\" \/>\n<script type=\"application\/ld+json\" class=\"yoast-schema-graph\">{\"@context\":\"https:\\\/\\\/schema.org\",\"@graph\":[{\"@type\":\"WebPage\",\"@id\":\"https:\\\/\\\/pedrerademeia.geoparcorigens.cat\\\/es\\\/historia\\\/las-campanas-del-institut-destudis-ilerdences\\\/\",\"url\":\"https:\\\/\\\/pedrerademeia.geoparcorigens.cat\\\/es\\\/historia\\\/las-campanas-del-institut-destudis-ilerdences\\\/\",\"name\":\"Las campa\u00f1as del Institut d\u2019Estudis Ilerdences - Pedrera de Meia - Geoparc Origens\",\"isPartOf\":{\"@id\":\"https:\\\/\\\/pedrerademeia.geoparcorigens.cat\\\/es\\\/#website\"},\"datePublished\":\"2021-07-06T15:28:23+00:00\",\"dateModified\":\"2021-07-07T13:48:38+00:00\",\"breadcrumb\":{\"@id\":\"https:\\\/\\\/pedrerademeia.geoparcorigens.cat\\\/es\\\/historia\\\/las-campanas-del-institut-destudis-ilerdences\\\/#breadcrumb\"},\"inLanguage\":\"es\",\"potentialAction\":[{\"@type\":\"ReadAction\",\"target\":[\"https:\\\/\\\/pedrerademeia.geoparcorigens.cat\\\/es\\\/historia\\\/las-campanas-del-institut-destudis-ilerdences\\\/\"]}]},{\"@type\":\"BreadcrumbList\",\"@id\":\"https:\\\/\\\/pedrerademeia.geoparcorigens.cat\\\/es\\\/historia\\\/las-campanas-del-institut-destudis-ilerdences\\\/#breadcrumb\",\"itemListElement\":[{\"@type\":\"ListItem\",\"position\":1,\"name\":\"Portada\",\"item\":\"https:\\\/\\\/pedrerademeia.geoparcorigens.cat\\\/es\\\/\"},{\"@type\":\"ListItem\",\"position\":2,\"name\":\"Las campa\u00f1as del Institut d\u2019Estudis Ilerdences\"}]},{\"@type\":\"WebSite\",\"@id\":\"https:\\\/\\\/pedrerademeia.geoparcorigens.cat\\\/es\\\/#website\",\"url\":\"https:\\\/\\\/pedrerademeia.geoparcorigens.cat\\\/es\\\/\",\"name\":\"Pedrera de Meia - Geoparc Origens\",\"description\":\"Otro sitio realizado con WordPress\",\"publisher\":{\"@id\":\"https:\\\/\\\/pedrerademeia.geoparcorigens.cat\\\/es\\\/#organization\"},\"potentialAction\":[{\"@type\":\"SearchAction\",\"target\":{\"@type\":\"EntryPoint\",\"urlTemplate\":\"https:\\\/\\\/pedrerademeia.geoparcorigens.cat\\\/es\\\/?s={search_term_string}\"},\"query-input\":{\"@type\":\"PropertyValueSpecification\",\"valueRequired\":true,\"valueName\":\"search_term_string\"}}],\"inLanguage\":\"es\"},{\"@type\":\"Organization\",\"@id\":\"https:\\\/\\\/pedrerademeia.geoparcorigens.cat\\\/es\\\/#organization\",\"name\":\"Pedrera de Meia - Geoparc Origens\",\"url\":\"https:\\\/\\\/pedrerademeia.geoparcorigens.cat\\\/es\\\/\",\"logo\":{\"@type\":\"ImageObject\",\"inLanguage\":\"es\",\"@id\":\"https:\\\/\\\/pedrerademeia.geoparcorigens.cat\\\/es\\\/#\\\/schema\\\/logo\\\/image\\\/\",\"url\":\"https:\\\/\\\/pedrerademeia.geoparcorigens.cat\\\/wp-content\\\/uploads\\\/cropped-cropped-geoparc_logo_marca_color_transparent.png\",\"contentUrl\":\"https:\\\/\\\/pedrerademeia.geoparcorigens.cat\\\/wp-content\\\/uploads\\\/cropped-cropped-geoparc_logo_marca_color_transparent.png\",\"width\":5197,\"height\":2011,\"caption\":\"Pedrera de Meia - Geoparc Origens\"},\"image\":{\"@id\":\"https:\\\/\\\/pedrerademeia.geoparcorigens.cat\\\/es\\\/#\\\/schema\\\/logo\\\/image\\\/\"}}]}<\/script>\n<!-- \/ Yoast SEO plugin. -->","yoast_head_json":{"title":"Las campa\u00f1as del Institut d\u2019Estudis Ilerdences - Pedrera de Meia - Geoparc Origens","robots":{"index":"index","follow":"follow","max-snippet":"max-snippet:-1","max-image-preview":"max-image-preview:large","max-video-preview":"max-video-preview:-1"},"canonical":"https:\/\/pedrerademeia.geoparcorigens.cat\/es\/historia\/las-campanas-del-institut-destudis-ilerdences\/","og_locale":"es_ES","og_type":"article","og_title":"Las campa\u00f1as del Institut d\u2019Estudis Ilerdences - Pedrera de Meia - Geoparc Origens","og_description":"Las campa\u00f1as de los yacimientos de La Pedrera y La Cabroa La Secci\u00f3n de Geo-Paleontologia del Institut d\u2019Estudis Ilerdencs, incluida dentro de la diputaci\u00f3n de Barcelona, llev\u00f3 a cabo un total de 19 campa\u00f1as de excavaci\u00f3n entre los a\u00f1os 1979 y 1998. Los antecedentes de este grupo los debemos buscar en un grupo de entusiastas [&hellip;]","og_url":"https:\/\/pedrerademeia.geoparcorigens.cat\/es\/historia\/las-campanas-del-institut-destudis-ilerdences\/","og_site_name":"Pedrera de Meia - Geoparc Origens","article_modified_time":"2021-07-07T13:48:38+00:00","twitter_card":"summary_large_image","twitter_misc":{"Tiempo de lectura":"5 minutos"},"schema":{"@context":"https:\/\/schema.org","@graph":[{"@type":"WebPage","@id":"https:\/\/pedrerademeia.geoparcorigens.cat\/es\/historia\/las-campanas-del-institut-destudis-ilerdences\/","url":"https:\/\/pedrerademeia.geoparcorigens.cat\/es\/historia\/las-campanas-del-institut-destudis-ilerdences\/","name":"Las campa\u00f1as del Institut d\u2019Estudis Ilerdences - Pedrera de Meia - Geoparc Origens","isPartOf":{"@id":"https:\/\/pedrerademeia.geoparcorigens.cat\/es\/#website"},"datePublished":"2021-07-06T15:28:23+00:00","dateModified":"2021-07-07T13:48:38+00:00","breadcrumb":{"@id":"https:\/\/pedrerademeia.geoparcorigens.cat\/es\/historia\/las-campanas-del-institut-destudis-ilerdences\/#breadcrumb"},"inLanguage":"es","potentialAction":[{"@type":"ReadAction","target":["https:\/\/pedrerademeia.geoparcorigens.cat\/es\/historia\/las-campanas-del-institut-destudis-ilerdences\/"]}]},{"@type":"BreadcrumbList","@id":"https:\/\/pedrerademeia.geoparcorigens.cat\/es\/historia\/las-campanas-del-institut-destudis-ilerdences\/#breadcrumb","itemListElement":[{"@type":"ListItem","position":1,"name":"Portada","item":"https:\/\/pedrerademeia.geoparcorigens.cat\/es\/"},{"@type":"ListItem","position":2,"name":"Las campa\u00f1as del Institut d\u2019Estudis Ilerdences"}]},{"@type":"WebSite","@id":"https:\/\/pedrerademeia.geoparcorigens.cat\/es\/#website","url":"https:\/\/pedrerademeia.geoparcorigens.cat\/es\/","name":"Pedrera de Meia - Geoparc Origens","description":"Otro sitio realizado con WordPress","publisher":{"@id":"https:\/\/pedrerademeia.geoparcorigens.cat\/es\/#organization"},"potentialAction":[{"@type":"SearchAction","target":{"@type":"EntryPoint","urlTemplate":"https:\/\/pedrerademeia.geoparcorigens.cat\/es\/?s={search_term_string}"},"query-input":{"@type":"PropertyValueSpecification","valueRequired":true,"valueName":"search_term_string"}}],"inLanguage":"es"},{"@type":"Organization","@id":"https:\/\/pedrerademeia.geoparcorigens.cat\/es\/#organization","name":"Pedrera de Meia - Geoparc Origens","url":"https:\/\/pedrerademeia.geoparcorigens.cat\/es\/","logo":{"@type":"ImageObject","inLanguage":"es","@id":"https:\/\/pedrerademeia.geoparcorigens.cat\/es\/#\/schema\/logo\/image\/","url":"https:\/\/pedrerademeia.geoparcorigens.cat\/wp-content\/uploads\/cropped-cropped-geoparc_logo_marca_color_transparent.png","contentUrl":"https:\/\/pedrerademeia.geoparcorigens.cat\/wp-content\/uploads\/cropped-cropped-geoparc_logo_marca_color_transparent.png","width":5197,"height":2011,"caption":"Pedrera de Meia - Geoparc Origens"},"image":{"@id":"https:\/\/pedrerademeia.geoparcorigens.cat\/es\/#\/schema\/logo\/image\/"}}]}},"_links":{"self":[{"href":"https:\/\/pedrerademeia.geoparcorigens.cat\/es\/wp-json\/wp\/v2\/history\/9483","targetHints":{"allow":["GET"]}}],"collection":[{"href":"https:\/\/pedrerademeia.geoparcorigens.cat\/es\/wp-json\/wp\/v2\/history"}],"about":[{"href":"https:\/\/pedrerademeia.geoparcorigens.cat\/es\/wp-json\/wp\/v2\/types\/history"}],"wp:attachment":[{"href":"https:\/\/pedrerademeia.geoparcorigens.cat\/es\/wp-json\/wp\/v2\/media?parent=9483"}],"wp:term":[{"taxonomy":"years","embeddable":true,"href":"https:\/\/pedrerademeia.geoparcorigens.cat\/es\/wp-json\/wp\/v2\/years?post=9483"}],"curies":[{"name":"wp","href":"https:\/\/api.w.org\/{rel}","templated":true}]}}